{"id":1679,"date":"2024-03-07T11:04:30","date_gmt":"2024-03-07T03:04:30","guid":{"rendered":"https:\/\/acm88.com\/vn\/?p=1679"},"modified":"2024-03-07T11:05:17","modified_gmt":"2024-03-07T03:05:17","slug":"3-su-bo-sung-chat-luong-cua-milan-de-doi-dau-inter","status":"publish","type":"post","link":"https:\/\/acm88.com\/vn\/featured\/3-su-bo-sung-chat-luong-cua-milan-de-doi-dau-inter\/","title":{"rendered":"&#8216;3 S\u1ef0 B\u1ed4 SUNG CH\u1ea4T L\u01af\u1ee2NG&#8217; C\u1ee6A MILAN \u0110\u1ec2 \u0110\u1ed0I \u0110\u1ea6U INTER"},"content":{"rendered":"\n<p>M\u1ed9t nh\u00e0 b\u00e1o b\u00f3ng \u0111\u00e1 k\u00ec c\u1ef1u cho r\u1eb1ng <a href=\"https:\/\/acm88.com\/vn\/\">AC Milan<\/a> c\u1ea7n b\u1ed5 sung m\u1ed9t v\u00e0i s\u1ef1 b\u1ed5 sung quan tr\u1ecdng \u0111\u1ec3 c\u1ea1nh tranh v\u1edbi Inter.<\/p>\n\n\n\n<p><a href=\"https:\/\/acm88.com\/vn\/\" target=\"_blank\" rel=\"noreferrer noopener\">C\u1eadp nh\u1eadt th\u00eam nhi\u1ec1u tin t\u1ee9c v\u1ec1 Milan t\u1ea1i \u0111\u00e2y<\/a>\u00a0<\/p>\n\n\n\n<figure class=\"wp-block-embed is-type-rich is-provider-twitter wp-block-embed-twitter\"><div class=\"wp-block-embed__wrapper\">\n<blockquote class=\"twitter-tweet\" data-width=\"500\" data-dnt=\"true\"><p lang=\"en\" dir=\"ltr\">\u270d\ufe0f <a href=\"https:\/\/twitter.com\/AntoVitiello?ref_src=twsrc%5Etfw\">@AntoVitiello<\/a>: <a href=\"https:\/\/twitter.com\/hashtag\/ACMilan?src=hash&amp;ref_src=twsrc%5Etfw\">#ACMilan<\/a> need &#39;three quality additions&#39; to challenge Inter for the Scudetto<a href=\"https:\/\/t.co\/GUyskoVy8q\">https:\/\/t.co\/GUyskoVy8q<\/a> <a href=\"https:\/\/twitter.com\/hashtag\/SempreMilan?src=hash&amp;ref_src=twsrc%5Etfw\">#SempreMilan<\/a><\/p>&mdash; SempreMilan (@SempreMilanCom) <a href=\"https:\/\/twitter.com\/SempreMilanCom\/status\/1765054666411528592?ref_src=twsrc%5Etfw\">March 5, 2024<\/a><\/blockquote><script async src=\"https:\/\/platform.twitter.com\/widgets.js\" charset=\"utf-8\"><\/script>\n<\/div><\/figure>\n\n\n\n<h3 class=\"wp-block-heading\">MILAN C\u1ea6N TH\u00caM TI\u1ec0N \u0110\u1ea0O, TI\u1ec0N V\u1ec6, H\u1eacU V\u1ec6<\/h3>\n\n\n\n<p>Rossoneri c\u00f3 th\u1ec3 \u0111\u00e1nh b\u1ea1i Inter \u0111\u1ec3 gi\u00e0nh Scudetto v\u00e0o m\u00f9a gi\u1ea3i t\u1edbi n\u1ebfu h\u1ecd c\u00f3 th\u00eam m\u1ed9t ti\u1ec1n \u0111\u1ea1o, ti\u1ec1n v\u1ec7 v\u00e0 h\u1eadu v\u1ec7 m\u1edbi, nh\u00e0 b\u00e1o Antonio Vitiello c\u1ee7a MilanNews cho bi\u1ebft.<\/p>\n\n\n\n<p>Milan n\u00ean s\u1edbm t\u00ecm ki\u1ebfm ng\u01b0\u1eddi th\u1eeba k\u1ebf Olivier Giroud, v\u00e0 m\u1ed9t trung v\u1ec7 \u201cthay th\u1ebf cho s\u1ef1 ra \u0111i c\u1ee7a Kjaer\u201d, \u00f4ng n\u00f3i th\u00eam, \u00e1m ch\u1ec9 trung v\u1ec7 v\u00e0 \u0111\u1ed9i tr\u01b0\u1edfng \u0110TQG \u0110an M\u1ea1ch.<\/p>\n\n\n\n<p>Ng\u01b0\u1eddi ph\u1ee5 tr\u00e1ch chuy\u00ean m\u1ee5c cho bi\u1ebft th\u00eam, \u0111\u1ed9i b\u00f3ng Serie A c\u0169ng s\u1ebd c\u1ea7n 1 ti\u1ec1n v\u1ec7 c\u00f3 \u201cnh\u1eefng \u0111\u1eb7c \u0111i\u1ec3m kh\u00e1c bi\u1ec7t, c\u00f3 kh\u1ea3 n\u0103ng tr\u00ean h\u00e0ng th\u1ee7\u201d.<\/p>\n\n\n\n<h3 class=\"wp-block-heading\">\u2018GIAI \u0110O\u1ea0N CHU\u1ea8N B\u1eca\u2019 V\u1eaaN CH\u00ccA KH\u00d3A CHO MILAN<\/h3>\n\n\n\n<p>Trong khi Vitiello hy v\u1ecdng Milan s\u1ebd c\u00f3 \u201c3 s\u1ef1 b\u1ed5 sung ch\u1ea5t l\u01b0\u1ee3ng\u201d, tuy nhi\u00ean Rossoneri v\u1eabn c\u1ea7n m\u1ed9t th\u1eddi gian d\u00e0i \u0111\u1ec3  \u0111\u00e0o t\u1ea1o c\u00e1c c\u1ea7u th\u1ee7 m\u1edbi v\u00e0 \u0111\u1ec3 h\u1ecd h\u00f2a nh\u1eadp.<\/p>\n\n\n\n<p>Milan n\u00ean \u00e1p d\u1ee5ng \u201cgiai \u0111o\u1ea1n chu\u1ea9n b\u1ecb\u201d \u0111\u1ec3 h\u1ea1n ch\u1ebf s\u1ed1 ca ch\u1ea5n th\u01b0\u01a1ng trong m\u00f9a gi\u1ea3i. \u00d4ng n\u00f3i th\u00eam: M\u1ed9t \u0111\u1ed9i h\u00ecnh kh\u00f4ng c\u00f3 ch\u1ea5n th\u01b0\u01a1ng s\u1ebd gi\u00fap Rossoneri \u0111\u1ea1t \u0111\u01b0\u1ee3c \u201cm\u1ed9t v\u1ecb tr\u00ed t\u1ed1t\u201d trong gi\u1ea3i \u0111\u1ea5u.<\/p>\n\n\n\n<p>Nhi\u1ec1u ngu\u1ed3n tin t\u1eeb La Gazzetta dello Sport cho bi\u1ebft Milan c\u00f3 th\u1ec3 k\u00fd 3 \u0111\u1ebfn 4 b\u1ea3n h\u1ee3p \u0111\u1ed3ng m\u1edbi v\u00e0 c\u00e2u l\u1ea1c b\u1ed9 th\u1eadm ch\u00ed c\u00f3 th\u1ec3 chi kho\u1ea3ng 100 tri\u1ec7u euro trong k\u1ef3 chuy\u1ec3n nh\u01b0\u1ee3ng m\u00f9a h\u00e8 t\u1edbi. <\/p>\n","protected":false},"excerpt":{"rendered":"<p>M\u1ed9t nh\u00e0 b\u00e1o b\u00f3ng \u0111\u00e1 k\u00ec c\u1ef1u cho r\u1eb1ng AC Milan c\u1ea7n b\u1ed5 sung m\u1ed9t v\u00e0i s\u1ef1 b\u1ed5 sung quan tr\u1ecdng \u0111\u1ec3 c\u1ea1nh tranh v\u1edbi Inter. C\u1eadp nh\u1eadt th\u00eam nhi\u1ec1u tin t\u1ee9c v\u1ec1 Milan t\u1ea1i \u0111\u00e2y\u00a0 MILAN C\u1ea6N TH\u00caM TI\u1ec0N \u0110\u1ea0O, TI\u1ec0N V\u1ec6, H\u1eacU V\u1ec6 Rossoneri c\u00f3 th\u1ec3 \u0111\u00e1nh b\u1ea1i Inter \u0111\u1ec3 gi\u00e0nh Scudetto v\u00e0o [&hellip;]<\/p>\n","protected":false},"author":14,"featured_media":1680,"comment_status":"open","ping_status":"open","sticky":true,"template":"","format":"standard","meta":{"footnotes":""},"categories":[2,252],"tags":[33,177,89],"class_list":["post-1679","post","type-post","status-publish","format-standard","has-post-thumbnail","hentry","category-ac-milan-update","category-featured","tag-ac-milan","tag-chuyen-nhuong","tag-inter-milan"],"yoast_head":"<!-- This site is optimized with the Yoast SEO plugin v24.4 - https:\/\/yoast.com\/wordpress\/plugins\/seo\/ -->\n<title>&#039;3 S\u1ef0 B\u1ed4 SUNG CH\u1ea4T L\u01af\u1ee2NG&#039; C\u1ee6A MILAN \u0110\u1ec2 \u0110\u1ed0I \u0110\u1ea6U INTER - AC Milan FC- VN<\/title>\n<meta name=\"description\" content=\"M\u1ed9t nh\u00e0 b\u00e1o b\u00f3ng \u0111\u00e1 k\u00ec c\u1ef1u cho r\u1eb1ng AC Milan c\u1ea7n b\u1ed5 sung m\u1ed9t v\u00e0i s\u1ef1 b\u1ed5 sung quan tr\u1ecdng \u0111\u1ec3 c\u1ea1nh tranh v\u1edbi Inter.\" \/>\n<meta name=\"robots\" content=\"index, follow, max-snippet:-1, max-image-preview:large, max-video-preview:-1\" \/>\n<link rel=\"canonical\" href=\"https:\/\/acm88.com\/vn\/featured\/3-su-bo-sung-chat-luong-cua-milan-de-doi-dau-inter\/\" \/>\n<meta property=\"og:locale\" content=\"vi_VN\" \/>\n<meta property=\"og:type\" content=\"article\" \/>\n<meta property=\"og:title\" content=\"&#039;3 S\u1ef0 B\u1ed4 SUNG CH\u1ea4T L\u01af\u1ee2NG&#039; C\u1ee6A MILAN \u0110\u1ec2 \u0110\u1ed0I \u0110\u1ea6U INTER - AC Milan FC- VN\" \/>\n<meta property=\"og:description\" content=\"M\u1ed9t nh\u00e0 b\u00e1o b\u00f3ng \u0111\u00e1 k\u00ec c\u1ef1u cho r\u1eb1ng AC Milan c\u1ea7n b\u1ed5 sung m\u1ed9t v\u00e0i s\u1ef1 b\u1ed5 sung quan tr\u1ecdng \u0111\u1ec3 c\u1ea1nh tranh v\u1edbi Inter.\" \/>\n<meta property=\"og:url\" content=\"https:\/\/acm88.com\/vn\/featured\/3-su-bo-sung-chat-luong-cua-milan-de-doi-dau-inter\/\" \/>\n<meta property=\"og:site_name\" content=\"AC Milan FC- VN\" \/>\n<meta property=\"article:published_time\" content=\"2024-03-07T03:04:30+00:00\" \/>\n<meta property=\"article:modified_time\" content=\"2024-03-07T03:05:17+00:00\" \/>\n<meta property=\"og:image\" content=\"https:\/\/acm88.com\/vn\/wp-content\/uploads\/sites\/6\/2024\/03\/ACMilan-3-6-24-800x500-1.png\" \/>\n\t<meta property=\"og:image:width\" content=\"800\" \/>\n\t<meta property=\"og:image:height\" content=\"500\" \/>\n\t<meta property=\"og:image:type\" content=\"image\/png\" \/>\n<meta name=\"author\" content=\"Jane\" \/>\n<meta name=\"twitter:card\" content=\"summary_large_image\" \/>\n<meta name=\"twitter:label1\" content=\"\u0110\u01b0\u1ee3c vi\u1ebft b\u1edfi\" \/>\n\t<meta name=\"twitter:data1\" content=\"Jane\" \/>\n\t<meta name=\"twitter:label2\" content=\"\u01af\u1edbc t\u00ednh th\u1eddi gian \u0111\u1ecdc\" \/>\n\t<meta name=\"twitter:data2\" content=\"2 ph\u00fat\" \/>\n<script type=\"application\/ld+json\" class=\"yoast-schema-graph\">{\"@context\":\"https:\/\/schema.org\",\"@graph\":[{\"@type\":\"Article\",\"@id\":\"https:\/\/acm88.com\/vn\/featured\/3-su-bo-sung-chat-luong-cua-milan-de-doi-dau-inter\/#article\",\"isPartOf\":{\"@id\":\"https:\/\/acm88.com\/vn\/featured\/3-su-bo-sung-chat-luong-cua-milan-de-doi-dau-inter\/\"},\"author\":{\"name\":\"Jane\",\"@id\":\"https:\/\/acm88.com\/vn\/#\/schema\/person\/53c4cee3dca5074b08882efd09ef3073\"},\"headline\":\"&#8216;3 S\u1ef0 B\u1ed4 SUNG CH\u1ea4T L\u01af\u1ee2NG&#8217; C\u1ee6A MILAN \u0110\u1ec2 \u0110\u1ed0I \u0110\u1ea6U INTER\",\"datePublished\":\"2024-03-07T03:04:30+00:00\",\"dateModified\":\"2024-03-07T03:05:17+00:00\",\"mainEntityOfPage\":{\"@id\":\"https:\/\/acm88.com\/vn\/featured\/3-su-bo-sung-chat-luong-cua-milan-de-doi-dau-inter\/\"},\"wordCount\":398,\"commentCount\":0,\"publisher\":{\"@id\":\"https:\/\/acm88.com\/vn\/#organization\"},\"image\":{\"@id\":\"https:\/\/acm88.com\/vn\/featured\/3-su-bo-sung-chat-luong-cua-milan-de-doi-dau-inter\/#primaryimage\"},\"thumbnailUrl\":\"https:\/\/acm88.com\/vn\/wp-content\/uploads\/sites\/6\/2024\/03\/ACMilan-3-6-24-800x500-1.png\",\"keywords\":[\"AC Milan\",\"Chuy\u1ec3n nh\u01b0\u1ee3ng\",\"Inter Milan\"],\"articleSection\":[\"C\u1eacP NH\u1eacT AC MILAN\",\"Featured\"],\"inLanguage\":\"vi\",\"potentialAction\":[{\"@type\":\"CommentAction\",\"name\":\"Comment\",\"target\":[\"https:\/\/acm88.com\/vn\/featured\/3-su-bo-sung-chat-luong-cua-milan-de-doi-dau-inter\/#respond\"]}]},{\"@type\":\"WebPage\",\"@id\":\"https:\/\/acm88.com\/vn\/featured\/3-su-bo-sung-chat-luong-cua-milan-de-doi-dau-inter\/\",\"url\":\"https:\/\/acm88.com\/vn\/featured\/3-su-bo-sung-chat-luong-cua-milan-de-doi-dau-inter\/\",\"name\":\"'3 S\u1ef0 B\u1ed4 SUNG CH\u1ea4T L\u01af\u1ee2NG' C\u1ee6A MILAN \u0110\u1ec2 \u0110\u1ed0I \u0110\u1ea6U INTER - AC Milan FC- VN\",\"isPartOf\":{\"@id\":\"https:\/\/acm88.com\/vn\/#website\"},\"primaryImageOfPage\":{\"@id\":\"https:\/\/acm88.com\/vn\/featured\/3-su-bo-sung-chat-luong-cua-milan-de-doi-dau-inter\/#primaryimage\"},\"image\":{\"@id\":\"https:\/\/acm88.com\/vn\/featured\/3-su-bo-sung-chat-luong-cua-milan-de-doi-dau-inter\/#primaryimage\"},\"thumbnailUrl\":\"https:\/\/acm88.com\/vn\/wp-content\/uploads\/sites\/6\/2024\/03\/ACMilan-3-6-24-800x500-1.png\",\"datePublished\":\"2024-03-07T03:04:30+00:00\",\"dateModified\":\"2024-03-07T03:05:17+00:00\",\"description\":\"M\u1ed9t nh\u00e0 b\u00e1o b\u00f3ng \u0111\u00e1 k\u00ec c\u1ef1u cho r\u1eb1ng AC Milan c\u1ea7n b\u1ed5 sung m\u1ed9t v\u00e0i s\u1ef1 b\u1ed5 sung quan tr\u1ecdng \u0111\u1ec3 c\u1ea1nh tranh v\u1edbi Inter.\",\"breadcrumb\":{\"@id\":\"https:\/\/acm88.com\/vn\/featured\/3-su-bo-sung-chat-luong-cua-milan-de-doi-dau-inter\/#breadcrumb\"},\"inLanguage\":\"vi\",\"potentialAction\":[{\"@type\":\"ReadAction\",\"target\":[\"https:\/\/acm88.com\/vn\/featured\/3-su-bo-sung-chat-luong-cua-milan-de-doi-dau-inter\/\"]}]},{\"@type\":\"ImageObject\",\"inLanguage\":\"vi\",\"@id\":\"https:\/\/acm88.com\/vn\/featured\/3-su-bo-sung-chat-luong-cua-milan-de-doi-dau-inter\/#primaryimage\",\"url\":\"https:\/\/acm88.com\/vn\/wp-content\/uploads\/sites\/6\/2024\/03\/ACMilan-3-6-24-800x500-1.png\",\"contentUrl\":\"https:\/\/acm88.com\/vn\/wp-content\/uploads\/sites\/6\/2024\/03\/ACMilan-3-6-24-800x500-1.png\",\"width\":800,\"height\":500,\"caption\":\"ACMilan-3-6-24-800x500\"},{\"@type\":\"BreadcrumbList\",\"@id\":\"https:\/\/acm88.com\/vn\/featured\/3-su-bo-sung-chat-luong-cua-milan-de-doi-dau-inter\/#breadcrumb\",\"itemListElement\":[{\"@type\":\"ListItem\",\"position\":1,\"name\":\"Home\",\"item\":\"https:\/\/acm88.com\/vn\/\"},{\"@type\":\"ListItem\",\"position\":2,\"name\":\"&#8216;3 S\u1ef0 B\u1ed4 SUNG CH\u1ea4T L\u01af\u1ee2NG&#8217; C\u1ee6A MILAN \u0110\u1ec2 \u0110\u1ed0I \u0110\u1ea6U INTER\"}]},{\"@type\":\"WebSite\",\"@id\":\"https:\/\/acm88.com\/vn\/#website\",\"url\":\"https:\/\/acm88.com\/vn\/\",\"name\":\"AC Milan FC- VN\",\"description\":\"AC Milan FC site\",\"publisher\":{\"@id\":\"https:\/\/acm88.com\/vn\/#organization\"},\"potentialAction\":[{\"@type\":\"SearchAction\",\"target\":{\"@type\":\"EntryPoint\",\"urlTemplate\":\"https:\/\/acm88.com\/vn\/?s={search_term_string}\"},\"query-input\":{\"@type\":\"PropertyValueSpecification\",\"valueRequired\":true,\"valueName\":\"search_term_string\"}}],\"inLanguage\":\"vi\"},{\"@type\":\"Organization\",\"@id\":\"https:\/\/acm88.com\/vn\/#organization\",\"name\":\"AC Milan FC- VN\",\"url\":\"https:\/\/acm88.com\/vn\/\",\"logo\":{\"@type\":\"ImageObject\",\"inLanguage\":\"vi\",\"@id\":\"https:\/\/acm88.com\/vn\/#\/schema\/logo\/image\/\",\"url\":\"https:\/\/acm88.com\/vn\/wp-content\/uploads\/sites\/6\/2023\/12\/ac-milan-logo-black.png\",\"contentUrl\":\"https:\/\/acm88.com\/vn\/wp-content\/uploads\/sites\/6\/2023\/12\/ac-milan-logo-black.png\",\"width\":669,\"height\":179,\"caption\":\"AC Milan FC- VN\"},\"image\":{\"@id\":\"https:\/\/acm88.com\/vn\/#\/schema\/logo\/image\/\"}},{\"@type\":\"Person\",\"@id\":\"https:\/\/acm88.com\/vn\/#\/schema\/person\/53c4cee3dca5074b08882efd09ef3073\",\"name\":\"Jane\",\"image\":{\"@type\":\"ImageObject\",\"inLanguage\":\"vi\",\"@id\":\"https:\/\/acm88.com\/vn\/#\/schema\/person\/image\/\",\"url\":\"https:\/\/secure.gravatar.com\/avatar\/1a5281b7800623fd8fb890b3a25490b707425cd404a09f05b4edcc73482dc0b8?s=96&d=mm&r=g\",\"contentUrl\":\"https:\/\/secure.gravatar.com\/avatar\/1a5281b7800623fd8fb890b3a25490b707425cd404a09f05b4edcc73482dc0b8?s=96&d=mm&r=g\",\"caption\":\"Jane\"},\"url\":\"https:\/\/acm88.com\/vn\/author\/janeh\/\"}]}<\/script>\n<!-- \/ Yoast SEO plugin. -->","yoast_head_json":{"title":"'3 S\u1ef0 B\u1ed4 SUNG CH\u1ea4T L\u01af\u1ee2NG' C\u1ee6A MILAN \u0110\u1ec2 \u0110\u1ed0I \u0110\u1ea6U INTER - AC Milan FC- VN","description":"M\u1ed9t nh\u00e0 b\u00e1o b\u00f3ng \u0111\u00e1 k\u00ec c\u1ef1u cho r\u1eb1ng AC Milan c\u1ea7n b\u1ed5 sung m\u1ed9t v\u00e0i s\u1ef1 b\u1ed5 sung quan tr\u1ecdng \u0111\u1ec3 c\u1ea1nh tranh v\u1edbi Inter.","robots":{"index":"index","follow":"follow","max-snippet":"max-snippet:-1","max-image-preview":"max-image-preview:large","max-video-preview":"max-video-preview:-1"},"canonical":"https:\/\/acm88.com\/vn\/featured\/3-su-bo-sung-chat-luong-cua-milan-de-doi-dau-inter\/","og_locale":"vi_VN","og_type":"article","og_title":"'3 S\u1ef0 B\u1ed4 SUNG CH\u1ea4T L\u01af\u1ee2NG' C\u1ee6A MILAN \u0110\u1ec2 \u0110\u1ed0I \u0110\u1ea6U INTER - AC Milan FC- VN","og_description":"M\u1ed9t nh\u00e0 b\u00e1o b\u00f3ng \u0111\u00e1 k\u00ec c\u1ef1u cho r\u1eb1ng AC Milan c\u1ea7n b\u1ed5 sung m\u1ed9t v\u00e0i s\u1ef1 b\u1ed5 sung quan tr\u1ecdng \u0111\u1ec3 c\u1ea1nh tranh v\u1edbi Inter.","og_url":"https:\/\/acm88.com\/vn\/featured\/3-su-bo-sung-chat-luong-cua-milan-de-doi-dau-inter\/","og_site_name":"AC Milan FC- VN","article_published_time":"2024-03-07T03:04:30+00:00","article_modified_time":"2024-03-07T03:05:17+00:00","og_image":[{"width":800,"height":500,"url":"https:\/\/acm88.com\/vn\/wp-content\/uploads\/sites\/6\/2024\/03\/ACMilan-3-6-24-800x500-1.png","type":"image\/png"}],"author":"Jane","twitter_card":"summary_large_image","twitter_misc":{"\u0110\u01b0\u1ee3c vi\u1ebft b\u1edfi":"Jane","\u01af\u1edbc t\u00ednh th\u1eddi gian \u0111\u1ecdc":"2 ph\u00fat"},"schema":{"@context":"https:\/\/schema.org","@graph":[{"@type":"Article","@id":"https:\/\/acm88.com\/vn\/featured\/3-su-bo-sung-chat-luong-cua-milan-de-doi-dau-inter\/#article","isPartOf":{"@id":"https:\/\/acm88.com\/vn\/featured\/3-su-bo-sung-chat-luong-cua-milan-de-doi-dau-inter\/"},"author":{"name":"Jane","@id":"https:\/\/acm88.com\/vn\/#\/schema\/person\/53c4cee3dca5074b08882efd09ef3073"},"headline":"&#8216;3 S\u1ef0 B\u1ed4 SUNG CH\u1ea4T L\u01af\u1ee2NG&#8217; C\u1ee6A MILAN \u0110\u1ec2 \u0110\u1ed0I \u0110\u1ea6U INTER","datePublished":"2024-03-07T03:04:30+00:00","dateModified":"2024-03-07T03:05:17+00:00","mainEntityOfPage":{"@id":"https:\/\/acm88.com\/vn\/featured\/3-su-bo-sung-chat-luong-cua-milan-de-doi-dau-inter\/"},"wordCount":398,"commentCount":0,"publisher":{"@id":"https:\/\/acm88.com\/vn\/#organization"},"image":{"@id":"https:\/\/acm88.com\/vn\/featured\/3-su-bo-sung-chat-luong-cua-milan-de-doi-dau-inter\/#primaryimage"},"thumbnailUrl":"https:\/\/acm88.com\/vn\/wp-content\/uploads\/sites\/6\/2024\/03\/ACMilan-3-6-24-800x500-1.png","keywords":["AC Milan","Chuy\u1ec3n nh\u01b0\u1ee3ng","Inter Milan"],"articleSection":["C\u1eacP NH\u1eacT AC MILAN","Featured"],"inLanguage":"vi","potentialAction":[{"@type":"CommentAction","name":"Comment","target":["https:\/\/acm88.com\/vn\/featured\/3-su-bo-sung-chat-luong-cua-milan-de-doi-dau-inter\/#respond"]}]},{"@type":"WebPage","@id":"https:\/\/acm88.com\/vn\/featured\/3-su-bo-sung-chat-luong-cua-milan-de-doi-dau-inter\/","url":"https:\/\/acm88.com\/vn\/featured\/3-su-bo-sung-chat-luong-cua-milan-de-doi-dau-inter\/","name":"'3 S\u1ef0 B\u1ed4 SUNG CH\u1ea4T L\u01af\u1ee2NG' C\u1ee6A MILAN \u0110\u1ec2 \u0110\u1ed0I \u0110\u1ea6U INTER - AC Milan FC- VN","isPartOf":{"@id":"https:\/\/acm88.com\/vn\/#website"},"primaryImageOfPage":{"@id":"https:\/\/acm88.com\/vn\/featured\/3-su-bo-sung-chat-luong-cua-milan-de-doi-dau-inter\/#primaryimage"},"image":{"@id":"https:\/\/acm88.com\/vn\/featured\/3-su-bo-sung-chat-luong-cua-milan-de-doi-dau-inter\/#primaryimage"},"thumbnailUrl":"https:\/\/acm88.com\/vn\/wp-content\/uploads\/sites\/6\/2024\/03\/ACMilan-3-6-24-800x500-1.png","datePublished":"2024-03-07T03:04:30+00:00","dateModified":"2024-03-07T03:05:17+00:00","description":"M\u1ed9t nh\u00e0 b\u00e1o b\u00f3ng \u0111\u00e1 k\u00ec c\u1ef1u cho r\u1eb1ng AC Milan c\u1ea7n b\u1ed5 sung m\u1ed9t v\u00e0i s\u1ef1 b\u1ed5 sung quan tr\u1ecdng \u0111\u1ec3 c\u1ea1nh tranh v\u1edbi Inter.","breadcrumb":{"@id":"https:\/\/acm88.com\/vn\/featured\/3-su-bo-sung-chat-luong-cua-milan-de-doi-dau-inter\/#breadcrumb"},"inLanguage":"vi","potentialAction":[{"@type":"ReadAction","target":["https:\/\/acm88.com\/vn\/featured\/3-su-bo-sung-chat-luong-cua-milan-de-doi-dau-inter\/"]}]},{"@type":"ImageObject","inLanguage":"vi","@id":"https:\/\/acm88.com\/vn\/featured\/3-su-bo-sung-chat-luong-cua-milan-de-doi-dau-inter\/#primaryimage","url":"https:\/\/acm88.com\/vn\/wp-content\/uploads\/sites\/6\/2024\/03\/ACMilan-3-6-24-800x500-1.png","contentUrl":"https:\/\/acm88.com\/vn\/wp-content\/uploads\/sites\/6\/2024\/03\/ACMilan-3-6-24-800x500-1.png","width":800,"height":500,"caption":"ACMilan-3-6-24-800x500"},{"@type":"BreadcrumbList","@id":"https:\/\/acm88.com\/vn\/featured\/3-su-bo-sung-chat-luong-cua-milan-de-doi-dau-inter\/#breadcrumb","itemListElement":[{"@type":"ListItem","position":1,"name":"Home","item":"https:\/\/acm88.com\/vn\/"},{"@type":"ListItem","position":2,"name":"&#8216;3 S\u1ef0 B\u1ed4 SUNG CH\u1ea4T L\u01af\u1ee2NG&#8217; C\u1ee6A MILAN \u0110\u1ec2 \u0110\u1ed0I \u0110\u1ea6U INTER"}]},{"@type":"WebSite","@id":"https:\/\/acm88.com\/vn\/#website","url":"https:\/\/acm88.com\/vn\/","name":"AC Milan FC- VN","description":"AC Milan FC site","publisher":{"@id":"https:\/\/acm88.com\/vn\/#organization"},"potentialAction":[{"@type":"SearchAction","target":{"@type":"EntryPoint","urlTemplate":"https:\/\/acm88.com\/vn\/?s={search_term_string}"},"query-input":{"@type":"PropertyValueSpecification","valueRequired":true,"valueName":"search_term_string"}}],"inLanguage":"vi"},{"@type":"Organization","@id":"https:\/\/acm88.com\/vn\/#organization","name":"AC Milan FC- VN","url":"https:\/\/acm88.com\/vn\/","logo":{"@type":"ImageObject","inLanguage":"vi","@id":"https:\/\/acm88.com\/vn\/#\/schema\/logo\/image\/","url":"https:\/\/acm88.com\/vn\/wp-content\/uploads\/sites\/6\/2023\/12\/ac-milan-logo-black.png","contentUrl":"https:\/\/acm88.com\/vn\/wp-content\/uploads\/sites\/6\/2023\/12\/ac-milan-logo-black.png","width":669,"height":179,"caption":"AC Milan FC- VN"},"image":{"@id":"https:\/\/acm88.com\/vn\/#\/schema\/logo\/image\/"}},{"@type":"Person","@id":"https:\/\/acm88.com\/vn\/#\/schema\/person\/53c4cee3dca5074b08882efd09ef3073","name":"Jane","image":{"@type":"ImageObject","inLanguage":"vi","@id":"https:\/\/acm88.com\/vn\/#\/schema\/person\/image\/","url":"https:\/\/secure.gravatar.com\/avatar\/1a5281b7800623fd8fb890b3a25490b707425cd404a09f05b4edcc73482dc0b8?s=96&d=mm&r=g","contentUrl":"https:\/\/secure.gravatar.com\/avatar\/1a5281b7800623fd8fb890b3a25490b707425cd404a09f05b4edcc73482dc0b8?s=96&d=mm&r=g","caption":"Jane"},"url":"https:\/\/acm88.com\/vn\/author\/janeh\/"}]}},"_links":{"self":[{"href":"https:\/\/acm88.com\/vn\/wp-json\/wp\/v2\/posts\/1679","targetHints":{"allow":["GET"]}}],"collection":[{"href":"https:\/\/acm88.com\/vn\/wp-json\/wp\/v2\/posts"}],"about":[{"href":"https:\/\/acm88.com\/vn\/wp-json\/wp\/v2\/types\/post"}],"author":[{"embeddable":true,"href":"https:\/\/acm88.com\/vn\/wp-json\/wp\/v2\/users\/14"}],"replies":[{"embeddable":true,"href":"https:\/\/acm88.com\/vn\/wp-json\/wp\/v2\/comments?post=1679"}],"version-history":[{"count":2,"href":"https:\/\/acm88.com\/vn\/wp-json\/wp\/v2\/posts\/1679\/revisions"}],"predecessor-version":[{"id":1682,"href":"https:\/\/acm88.com\/vn\/wp-json\/wp\/v2\/posts\/1679\/revisions\/1682"}],"wp:featuredmedia":[{"embeddable":true,"href":"https:\/\/acm88.com\/vn\/wp-json\/wp\/v2\/media\/1680"}],"wp:attachment":[{"href":"https:\/\/acm88.com\/vn\/wp-json\/wp\/v2\/media?parent=1679"}],"wp:term":[{"taxonomy":"category","embeddable":true,"href":"https:\/\/acm88.com\/vn\/wp-json\/wp\/v2\/categories?post=1679"},{"taxonomy":"post_tag","embeddable":true,"href":"https:\/\/acm88.com\/vn\/wp-json\/wp\/v2\/tags?post=1679"}],"curies":[{"name":"wp","href":"https:\/\/api.w.org\/{rel}","templated":true}]}}