{"id":1641,"date":"2024-02-21T17:27:33","date_gmt":"2024-02-21T09:27:33","guid":{"rendered":"https:\/\/acm88.com\/vn\/?p=1641"},"modified":"2024-02-21T17:27:35","modified_gmt":"2024-02-21T09:27:35","slug":"zirkzee-sesko-la-top-2-lua-chon-cho-vi-tri-tien-dao-cua-ac-milan","status":"publish","type":"post","link":"https:\/\/acm88.com\/vn\/featured\/zirkzee-sesko-la-top-2-lua-chon-cho-vi-tri-tien-dao-cua-ac-milan\/","title":{"rendered":"ZIRKZEE, SESKO L\u00c0 TOP 2 L\u1ef0A CH\u1eccN CHO V\u1eca TR\u00cd TI\u1ec0N \u0110\u1ea0O C\u1ee6A AC MILAN"},"content":{"rendered":"\n<p><a href=\"https:\/\/acm88.com\/vn\/\">AC Milan<\/a> t\u00ecm ki\u1ebfm m\u1ed9t trung phong ch\u1ea5t l\u01b0\u1ee3ng v\u00e0 h\u1ecd \u0111ang c\u00e2n nh\u1eafc m\u1ed9t trong hai c\u00e1i t\u00ean, Joshua Zirkzee ho\u1eb7c Benjamin Sesko.<\/p>\n\n\n\n<p>Rossoneri c\u0169ng c\u00f3 th\u1ec3 \u0111ang t\u00ecm ki\u1ebfm m\u1ed9t trung v\u1ec7 v\u00e0 h\u1eadu v\u1ec7 c\u00e1nh cho m\u00f9a gi\u1ea3i t\u1edbi. Nh\u01b0ng AC Milan c\u1ea7n t\u0103ng c\u01b0\u1eddng h\u00e0ng c\u00f4ng, \u0111i\u1ec1u n\u00e0y ph\u00f9 h\u1ee3p v\u1edbi Zirkzee v\u00e0 Sesko, theo La Gazzetta dello Sport \u0111\u01b0a tin.<\/p>\n\n\n\n<p><a href=\"https:\/\/acm88.com\/vn\/\" target=\"_blank\" rel=\"noreferrer noopener\">C\u1eadp nh\u1eadt th\u00eam nhi\u1ec1u tin t\u1ee9c v\u1ec1 Milan t\u1ea1i \u0111\u00e2y<\/a>\u00a0<\/p>\n\n\n\n<figure class=\"wp-block-embed is-type-rich is-provider-twitter wp-block-embed-twitter\"><div class=\"wp-block-embed__wrapper\">\n<blockquote class=\"twitter-tweet\" data-width=\"500\" data-dnt=\"true\"><p lang=\"en\" dir=\"ltr\">\ud83d\udea8 <a href=\"https:\/\/twitter.com\/lucabianchin7?ref_src=twsrc%5Etfw\">@lucabianchin7<\/a>: Secondly, the priority is the center-forward position. Joshua <a href=\"https:\/\/twitter.com\/hashtag\/Zirkzee?src=hash&amp;ref_src=twsrc%5Etfw\">#Zirkzee<\/a> and Benjamin <a href=\"https:\/\/twitter.com\/hashtag\/Sesko?src=hash&amp;ref_src=twsrc%5Etfw\">#Sesko<\/a> are the most favored names, with the Bologna striker gaining credibility match after match. <a href=\"https:\/\/t.co\/tIkJ15ZUaH\">pic.twitter.com\/tIkJ15ZUaH<\/a><\/p>&mdash; Milan Posts (@MilanPosts) <a href=\"https:\/\/twitter.com\/MilanPosts\/status\/1759851757415321932?ref_src=twsrc%5Etfw\">February 20, 2024<\/a><\/blockquote><script async src=\"https:\/\/platform.twitter.com\/widgets.js\" charset=\"utf-8\"><\/script>\n<\/div><\/figure>\n\n\n\n<p>Ch\u1ee7 t\u1ecbch AC Milan, Paolo Scaroni hoan ngh\u00eanh \u0111\u1ed9ng th\u00e1i \u0111\u1ea7u t\u01b0 l\u1edbn cho th\u1ecb tr\u01b0\u1eddng chuy\u1ec3n nh\u01b0\u1ee3ng m\u00f9a h\u00e8 tr\u01b0\u1edbc m\u00f9a gi\u1ea3i 2024-25. Tuy nhi\u00ean, doanh nh\u00e2n ng\u01b0\u1eddi \u00dd kh\u00f4ng ti\u1ebft l\u1ed9 chi ti\u1ebft c\u1ee5 th\u1ec3 khi \u00f4ng ph\u00e1t bi\u1ec3u tr\u01b0\u1edbc tr\u1eadn \u0111\u1ea5u Milan-Monza cu\u1ed1i tu\u1ea7n qua.<\/p>\n\n\n\n<p>Scaroni cho bi\u1ebft: \u201cCh\u00fang t\u00f4i s\u1ebd kh\u00e9p l\u1ea1i n\u0103m t\u00e0i ch\u00ednh 2023-24 v\u1edbi m\u1ed9t k\u1ebft qu\u1ea3 xu\u1ea5t s\u1eafc. \u201c\u0110\u00e2y l\u00e0 ti\u1ec1n \u0111\u1ec1 \u0111\u1ec3 c\u00f3 \u0111\u1ee7 t\u00e0i nguy\u00ean \u0111\u1ec3 \u0111i ch\u1ee3 v\u00e0 \u0111\u01b0a ra nh\u1eefng quy\u1ebft \u0111\u1ecbnh quan tr\u1ecdng.\u201d<\/p>\n\n\n\n<figure class=\"wp-block-embed is-type-rich is-provider-twitter wp-block-embed-twitter\"><div class=\"wp-block-embed__wrapper\">\n<blockquote class=\"twitter-tweet\" data-width=\"500\" data-dnt=\"true\"><p lang=\"en\" dir=\"ltr\">\ud83d\ude2e Fichajes: <a href=\"https:\/\/twitter.com\/hashtag\/ACMilan?src=hash&amp;ref_src=twsrc%5Etfw\">#ACMilan<\/a> may have identified their top attacking target for the summer mercato<a href=\"https:\/\/t.co\/lolpc8EVK4\">https:\/\/t.co\/lolpc8EVK4<\/a> <a href=\"https:\/\/twitter.com\/hashtag\/SempreMilan?src=hash&amp;ref_src=twsrc%5Etfw\">#SempreMilan<\/a><\/p>&mdash; SempreMilan (@SempreMilanCom) <a href=\"https:\/\/twitter.com\/SempreMilanCom\/status\/1759694345698152664?ref_src=twsrc%5Etfw\">February 19, 2024<\/a><\/blockquote><script async src=\"https:\/\/platform.twitter.com\/widgets.js\" charset=\"utf-8\"><\/script>\n<\/div><\/figure>\n\n\n\n<p>Tuy nhi\u00ean, vi\u1ec7c mua \u0111\u01b0\u1ee3c Zirkzee v\u00e0 Sesko t\u1eeb c\u00e2u l\u1ea1c b\u1ed9 hi\u1ec7n t\u1ea1i c\u00f3 th\u1ec3 khi\u1ebfn AC Milan ph\u1ea3i tr\u1ea3 gi\u00e1 \u0111\u1eaft. C\u1ea3 hai c\u1ea7u th\u1ee7 n\u00e0y \u0111\u01b0\u1ee3c cho l\u00e0 c\u00f3 gi\u00e1 tr\u1ecb 40 tri\u1ec7u euro d\u1ef1a tr\u00ean h\u1ee3p \u0111\u1ed3ng hi\u1ec7n t\u1ea1i c\u1ee7a h\u1ecd.<\/p>\n\n\n\n<p>Rossoneri c\u0169ng \u0111ang t\u00ecm ki\u1ebfm m\u1ed9t ti\u1ec1n v\u1ec7 trung t\u00e2m ho\u1eb7c trung v\u1ec7, v\u00e0 c\u00e2u l\u1ea1c b\u1ed9 c\u00f3 ba l\u1ef1a ch\u1ecdn: Maxence Lacroix c\u1ee7a Wolfsburg, Lilian Brassier c\u1ee7a Brest v\u00e0 Tosin Adarabioyo c\u1ee7a Fulham l\u00e0 top 3  c\u00e1i t\u00ean trong danh s\u00e1ch.<\/p>\n","protected":false},"excerpt":{"rendered":"<p>AC Milan t\u00ecm ki\u1ebfm m\u1ed9t trung phong ch\u1ea5t l\u01b0\u1ee3ng v\u00e0 h\u1ecd \u0111ang c\u00e2n nh\u1eafc m\u1ed9t trong hai c\u00e1i t\u00ean, Joshua Zirkzee ho\u1eb7c Benjamin Sesko. Rossoneri c\u0169ng c\u00f3 th\u1ec3 \u0111ang t\u00ecm ki\u1ebfm m\u1ed9t trung v\u1ec7 v\u00e0 h\u1eadu v\u1ec7 c\u00e1nh cho m\u00f9a gi\u1ea3i t\u1edbi. Nh\u01b0ng AC Milan c\u1ea7n t\u0103ng c\u01b0\u1eddng h\u00e0ng c\u00f4ng, \u0111i\u1ec1u n\u00e0y ph\u00f9 h\u1ee3p v\u1edbi [&hellip;]<\/p>\n","protected":false},"author":14,"featured_media":1642,"comment_status":"open","ping_status":"open","sticky":true,"template":"","format":"standard","meta":{"footnotes":""},"categories":[2,252],"tags":[276,275],"class_list":["post-1641","post","type-post","status-publish","format-standard","has-post-thumbnail","hentry","category-ac-milan-update","category-featured","tag-benjamin-sesko","tag-joshua-zirkzee"],"yoast_head":"<!-- This site is optimized with the Yoast SEO plugin v24.4 - https:\/\/yoast.com\/wordpress\/plugins\/seo\/ -->\n<title>ZIRKZEE, SESKO L\u00c0 TOP 2 L\u1ef0A CH\u1eccN CHO V\u1eca TR\u00cd TI\u1ec0N \u0110\u1ea0O C\u1ee6A AC MILAN - AC Milan FC- VN<\/title>\n<meta name=\"description\" content=\"AC Milan t\u00ecm ki\u1ebfm m\u1ed9t trung phong ch\u1ea5t l\u01b0\u1ee3ng v\u00e0 h\u1ecd \u0111ang c\u00e2n nh\u1eafc m\u1ed9t trong hai c\u00e1i t\u00ean, Joshua Zirkzee ho\u1eb7c Benjamin Sesko.\" \/>\n<meta name=\"robots\" content=\"index, follow, max-snippet:-1, max-image-preview:large, max-video-preview:-1\" \/>\n<link rel=\"canonical\" href=\"https:\/\/acm88.com\/vn\/featured\/zirkzee-sesko-la-top-2-lua-chon-cho-vi-tri-tien-dao-cua-ac-milan\/\" \/>\n<meta property=\"og:locale\" content=\"vi_VN\" \/>\n<meta property=\"og:type\" content=\"article\" \/>\n<meta property=\"og:title\" content=\"ZIRKZEE, SESKO L\u00c0 TOP 2 L\u1ef0A CH\u1eccN CHO V\u1eca TR\u00cd TI\u1ec0N \u0110\u1ea0O C\u1ee6A AC MILAN - AC Milan FC- VN\" \/>\n<meta property=\"og:description\" content=\"AC Milan t\u00ecm ki\u1ebfm m\u1ed9t trung phong ch\u1ea5t l\u01b0\u1ee3ng v\u00e0 h\u1ecd \u0111ang c\u00e2n nh\u1eafc m\u1ed9t trong hai c\u00e1i t\u00ean, Joshua Zirkzee ho\u1eb7c Benjamin Sesko.\" \/>\n<meta property=\"og:url\" content=\"https:\/\/acm88.com\/vn\/featured\/zirkzee-sesko-la-top-2-lua-chon-cho-vi-tri-tien-dao-cua-ac-milan\/\" \/>\n<meta property=\"og:site_name\" content=\"AC Milan FC- VN\" \/>\n<meta property=\"article:published_time\" content=\"2024-02-21T09:27:33+00:00\" \/>\n<meta property=\"article:modified_time\" content=\"2024-02-21T09:27:35+00:00\" \/>\n<meta property=\"og:image\" content=\"https:\/\/acm88.com\/vn\/wp-content\/uploads\/sites\/6\/2024\/02\/M88Sports-46-800x500-1.png\" \/>\n\t<meta property=\"og:image:width\" content=\"800\" \/>\n\t<meta property=\"og:image:height\" content=\"500\" \/>\n\t<meta property=\"og:image:type\" content=\"image\/png\" \/>\n<meta name=\"author\" content=\"Jane\" \/>\n<meta name=\"twitter:card\" content=\"summary_large_image\" \/>\n<meta name=\"twitter:label1\" content=\"\u0110\u01b0\u1ee3c vi\u1ebft b\u1edfi\" \/>\n\t<meta name=\"twitter:data1\" content=\"Jane\" \/>\n\t<meta name=\"twitter:label2\" content=\"\u01af\u1edbc t\u00ednh th\u1eddi gian \u0111\u1ecdc\" \/>\n\t<meta name=\"twitter:data2\" content=\"2 ph\u00fat\" \/>\n<script type=\"application\/ld+json\" class=\"yoast-schema-graph\">{\"@context\":\"https:\/\/schema.org\",\"@graph\":[{\"@type\":\"Article\",\"@id\":\"https:\/\/acm88.com\/vn\/featured\/zirkzee-sesko-la-top-2-lua-chon-cho-vi-tri-tien-dao-cua-ac-milan\/#article\",\"isPartOf\":{\"@id\":\"https:\/\/acm88.com\/vn\/featured\/zirkzee-sesko-la-top-2-lua-chon-cho-vi-tri-tien-dao-cua-ac-milan\/\"},\"author\":{\"name\":\"Jane\",\"@id\":\"https:\/\/acm88.com\/vn\/#\/schema\/person\/53c4cee3dca5074b08882efd09ef3073\"},\"headline\":\"ZIRKZEE, SESKO L\u00c0 TOP 2 L\u1ef0A CH\u1eccN CHO V\u1eca TR\u00cd TI\u1ec0N \u0110\u1ea0O C\u1ee6A AC MILAN\",\"datePublished\":\"2024-02-21T09:27:33+00:00\",\"dateModified\":\"2024-02-21T09:27:35+00:00\",\"mainEntityOfPage\":{\"@id\":\"https:\/\/acm88.com\/vn\/featured\/zirkzee-sesko-la-top-2-lua-chon-cho-vi-tri-tien-dao-cua-ac-milan\/\"},\"wordCount\":381,\"commentCount\":0,\"publisher\":{\"@id\":\"https:\/\/acm88.com\/vn\/#organization\"},\"image\":{\"@id\":\"https:\/\/acm88.com\/vn\/featured\/zirkzee-sesko-la-top-2-lua-chon-cho-vi-tri-tien-dao-cua-ac-milan\/#primaryimage\"},\"thumbnailUrl\":\"https:\/\/acm88.com\/vn\/wp-content\/uploads\/sites\/6\/2024\/02\/M88Sports-46-800x500-1.png\",\"keywords\":[\"Benjamin Sesko\",\"Joshua Zirkzee\"],\"articleSection\":[\"C\u1eacP NH\u1eacT AC MILAN\",\"Featured\"],\"inLanguage\":\"vi\",\"potentialAction\":[{\"@type\":\"CommentAction\",\"name\":\"Comment\",\"target\":[\"https:\/\/acm88.com\/vn\/featured\/zirkzee-sesko-la-top-2-lua-chon-cho-vi-tri-tien-dao-cua-ac-milan\/#respond\"]}]},{\"@type\":\"WebPage\",\"@id\":\"https:\/\/acm88.com\/vn\/featured\/zirkzee-sesko-la-top-2-lua-chon-cho-vi-tri-tien-dao-cua-ac-milan\/\",\"url\":\"https:\/\/acm88.com\/vn\/featured\/zirkzee-sesko-la-top-2-lua-chon-cho-vi-tri-tien-dao-cua-ac-milan\/\",\"name\":\"ZIRKZEE, SESKO L\u00c0 TOP 2 L\u1ef0A CH\u1eccN CHO V\u1eca TR\u00cd TI\u1ec0N \u0110\u1ea0O C\u1ee6A AC MILAN - AC Milan FC- VN\",\"isPartOf\":{\"@id\":\"https:\/\/acm88.com\/vn\/#website\"},\"primaryImageOfPage\":{\"@id\":\"https:\/\/acm88.com\/vn\/featured\/zirkzee-sesko-la-top-2-lua-chon-cho-vi-tri-tien-dao-cua-ac-milan\/#primaryimage\"},\"image\":{\"@id\":\"https:\/\/acm88.com\/vn\/featured\/zirkzee-sesko-la-top-2-lua-chon-cho-vi-tri-tien-dao-cua-ac-milan\/#primaryimage\"},\"thumbnailUrl\":\"https:\/\/acm88.com\/vn\/wp-content\/uploads\/sites\/6\/2024\/02\/M88Sports-46-800x500-1.png\",\"datePublished\":\"2024-02-21T09:27:33+00:00\",\"dateModified\":\"2024-02-21T09:27:35+00:00\",\"description\":\"AC Milan t\u00ecm ki\u1ebfm m\u1ed9t trung phong ch\u1ea5t l\u01b0\u1ee3ng v\u00e0 h\u1ecd \u0111ang c\u00e2n nh\u1eafc m\u1ed9t trong hai c\u00e1i t\u00ean, Joshua Zirkzee ho\u1eb7c Benjamin Sesko.\",\"breadcrumb\":{\"@id\":\"https:\/\/acm88.com\/vn\/featured\/zirkzee-sesko-la-top-2-lua-chon-cho-vi-tri-tien-dao-cua-ac-milan\/#breadcrumb\"},\"inLanguage\":\"vi\",\"potentialAction\":[{\"@type\":\"ReadAction\",\"target\":[\"https:\/\/acm88.com\/vn\/featured\/zirkzee-sesko-la-top-2-lua-chon-cho-vi-tri-tien-dao-cua-ac-milan\/\"]}]},{\"@type\":\"ImageObject\",\"inLanguage\":\"vi\",\"@id\":\"https:\/\/acm88.com\/vn\/featured\/zirkzee-sesko-la-top-2-lua-chon-cho-vi-tri-tien-dao-cua-ac-milan\/#primaryimage\",\"url\":\"https:\/\/acm88.com\/vn\/wp-content\/uploads\/sites\/6\/2024\/02\/M88Sports-46-800x500-1.png\",\"contentUrl\":\"https:\/\/acm88.com\/vn\/wp-content\/uploads\/sites\/6\/2024\/02\/M88Sports-46-800x500-1.png\",\"width\":800,\"height\":500,\"caption\":\"zirkzee-sesko\"},{\"@type\":\"BreadcrumbList\",\"@id\":\"https:\/\/acm88.com\/vn\/featured\/zirkzee-sesko-la-top-2-lua-chon-cho-vi-tri-tien-dao-cua-ac-milan\/#breadcrumb\",\"itemListElement\":[{\"@type\":\"ListItem\",\"position\":1,\"name\":\"Home\",\"item\":\"https:\/\/acm88.com\/vn\/\"},{\"@type\":\"ListItem\",\"position\":2,\"name\":\"ZIRKZEE, SESKO L\u00c0 TOP 2 L\u1ef0A CH\u1eccN CHO V\u1eca TR\u00cd TI\u1ec0N \u0110\u1ea0O C\u1ee6A AC MILAN\"}]},{\"@type\":\"WebSite\",\"@id\":\"https:\/\/acm88.com\/vn\/#website\",\"url\":\"https:\/\/acm88.com\/vn\/\",\"name\":\"AC Milan FC- VN\",\"description\":\"AC Milan FC site\",\"publisher\":{\"@id\":\"https:\/\/acm88.com\/vn\/#organization\"},\"potentialAction\":[{\"@type\":\"SearchAction\",\"target\":{\"@type\":\"EntryPoint\",\"urlTemplate\":\"https:\/\/acm88.com\/vn\/?s={search_term_string}\"},\"query-input\":{\"@type\":\"PropertyValueSpecification\",\"valueRequired\":true,\"valueName\":\"search_term_string\"}}],\"inLanguage\":\"vi\"},{\"@type\":\"Organization\",\"@id\":\"https:\/\/acm88.com\/vn\/#organization\",\"name\":\"AC Milan FC- VN\",\"url\":\"https:\/\/acm88.com\/vn\/\",\"logo\":{\"@type\":\"ImageObject\",\"inLanguage\":\"vi\",\"@id\":\"https:\/\/acm88.com\/vn\/#\/schema\/logo\/image\/\",\"url\":\"https:\/\/acm88.com\/vn\/wp-content\/uploads\/sites\/6\/2023\/12\/ac-milan-logo-black.png\",\"contentUrl\":\"https:\/\/acm88.com\/vn\/wp-content\/uploads\/sites\/6\/2023\/12\/ac-milan-logo-black.png\",\"width\":669,\"height\":179,\"caption\":\"AC Milan FC- VN\"},\"image\":{\"@id\":\"https:\/\/acm88.com\/vn\/#\/schema\/logo\/image\/\"}},{\"@type\":\"Person\",\"@id\":\"https:\/\/acm88.com\/vn\/#\/schema\/person\/53c4cee3dca5074b08882efd09ef3073\",\"name\":\"Jane\",\"image\":{\"@type\":\"ImageObject\",\"inLanguage\":\"vi\",\"@id\":\"https:\/\/acm88.com\/vn\/#\/schema\/person\/image\/\",\"url\":\"https:\/\/secure.gravatar.com\/avatar\/1a5281b7800623fd8fb890b3a25490b707425cd404a09f05b4edcc73482dc0b8?s=96&d=mm&r=g\",\"contentUrl\":\"https:\/\/secure.gravatar.com\/avatar\/1a5281b7800623fd8fb890b3a25490b707425cd404a09f05b4edcc73482dc0b8?s=96&d=mm&r=g\",\"caption\":\"Jane\"},\"url\":\"https:\/\/acm88.com\/vn\/author\/janeh\/\"}]}<\/script>\n<!-- \/ Yoast SEO plugin. -->","yoast_head_json":{"title":"ZIRKZEE, SESKO L\u00c0 TOP 2 L\u1ef0A CH\u1eccN CHO V\u1eca TR\u00cd TI\u1ec0N \u0110\u1ea0O C\u1ee6A AC MILAN - AC Milan FC- VN","description":"AC Milan t\u00ecm ki\u1ebfm m\u1ed9t trung phong ch\u1ea5t l\u01b0\u1ee3ng v\u00e0 h\u1ecd \u0111ang c\u00e2n nh\u1eafc m\u1ed9t trong hai c\u00e1i t\u00ean, Joshua Zirkzee ho\u1eb7c Benjamin Sesko.","robots":{"index":"index","follow":"follow","max-snippet":"max-snippet:-1","max-image-preview":"max-image-preview:large","max-video-preview":"max-video-preview:-1"},"canonical":"https:\/\/acm88.com\/vn\/featured\/zirkzee-sesko-la-top-2-lua-chon-cho-vi-tri-tien-dao-cua-ac-milan\/","og_locale":"vi_VN","og_type":"article","og_title":"ZIRKZEE, SESKO L\u00c0 TOP 2 L\u1ef0A CH\u1eccN CHO V\u1eca TR\u00cd TI\u1ec0N \u0110\u1ea0O C\u1ee6A AC MILAN - AC Milan FC- VN","og_description":"AC Milan t\u00ecm ki\u1ebfm m\u1ed9t trung phong ch\u1ea5t l\u01b0\u1ee3ng v\u00e0 h\u1ecd \u0111ang c\u00e2n nh\u1eafc m\u1ed9t trong hai c\u00e1i t\u00ean, Joshua Zirkzee ho\u1eb7c Benjamin Sesko.","og_url":"https:\/\/acm88.com\/vn\/featured\/zirkzee-sesko-la-top-2-lua-chon-cho-vi-tri-tien-dao-cua-ac-milan\/","og_site_name":"AC Milan FC- VN","article_published_time":"2024-02-21T09:27:33+00:00","article_modified_time":"2024-02-21T09:27:35+00:00","og_image":[{"width":800,"height":500,"url":"https:\/\/acm88.com\/vn\/wp-content\/uploads\/sites\/6\/2024\/02\/M88Sports-46-800x500-1.png","type":"image\/png"}],"author":"Jane","twitter_card":"summary_large_image","twitter_misc":{"\u0110\u01b0\u1ee3c vi\u1ebft b\u1edfi":"Jane","\u01af\u1edbc t\u00ednh th\u1eddi gian \u0111\u1ecdc":"2 ph\u00fat"},"schema":{"@context":"https:\/\/schema.org","@graph":[{"@type":"Article","@id":"https:\/\/acm88.com\/vn\/featured\/zirkzee-sesko-la-top-2-lua-chon-cho-vi-tri-tien-dao-cua-ac-milan\/#article","isPartOf":{"@id":"https:\/\/acm88.com\/vn\/featured\/zirkzee-sesko-la-top-2-lua-chon-cho-vi-tri-tien-dao-cua-ac-milan\/"},"author":{"name":"Jane","@id":"https:\/\/acm88.com\/vn\/#\/schema\/person\/53c4cee3dca5074b08882efd09ef3073"},"headline":"ZIRKZEE, SESKO L\u00c0 TOP 2 L\u1ef0A CH\u1eccN CHO V\u1eca TR\u00cd TI\u1ec0N \u0110\u1ea0O C\u1ee6A AC MILAN","datePublished":"2024-02-21T09:27:33+00:00","dateModified":"2024-02-21T09:27:35+00:00","mainEntityOfPage":{"@id":"https:\/\/acm88.com\/vn\/featured\/zirkzee-sesko-la-top-2-lua-chon-cho-vi-tri-tien-dao-cua-ac-milan\/"},"wordCount":381,"commentCount":0,"publisher":{"@id":"https:\/\/acm88.com\/vn\/#organization"},"image":{"@id":"https:\/\/acm88.com\/vn\/featured\/zirkzee-sesko-la-top-2-lua-chon-cho-vi-tri-tien-dao-cua-ac-milan\/#primaryimage"},"thumbnailUrl":"https:\/\/acm88.com\/vn\/wp-content\/uploads\/sites\/6\/2024\/02\/M88Sports-46-800x500-1.png","keywords":["Benjamin Sesko","Joshua Zirkzee"],"articleSection":["C\u1eacP NH\u1eacT AC MILAN","Featured"],"inLanguage":"vi","potentialAction":[{"@type":"CommentAction","name":"Comment","target":["https:\/\/acm88.com\/vn\/featured\/zirkzee-sesko-la-top-2-lua-chon-cho-vi-tri-tien-dao-cua-ac-milan\/#respond"]}]},{"@type":"WebPage","@id":"https:\/\/acm88.com\/vn\/featured\/zirkzee-sesko-la-top-2-lua-chon-cho-vi-tri-tien-dao-cua-ac-milan\/","url":"https:\/\/acm88.com\/vn\/featured\/zirkzee-sesko-la-top-2-lua-chon-cho-vi-tri-tien-dao-cua-ac-milan\/","name":"ZIRKZEE, SESKO L\u00c0 TOP 2 L\u1ef0A CH\u1eccN CHO V\u1eca TR\u00cd TI\u1ec0N \u0110\u1ea0O C\u1ee6A AC MILAN - AC Milan FC- VN","isPartOf":{"@id":"https:\/\/acm88.com\/vn\/#website"},"primaryImageOfPage":{"@id":"https:\/\/acm88.com\/vn\/featured\/zirkzee-sesko-la-top-2-lua-chon-cho-vi-tri-tien-dao-cua-ac-milan\/#primaryimage"},"image":{"@id":"https:\/\/acm88.com\/vn\/featured\/zirkzee-sesko-la-top-2-lua-chon-cho-vi-tri-tien-dao-cua-ac-milan\/#primaryimage"},"thumbnailUrl":"https:\/\/acm88.com\/vn\/wp-content\/uploads\/sites\/6\/2024\/02\/M88Sports-46-800x500-1.png","datePublished":"2024-02-21T09:27:33+00:00","dateModified":"2024-02-21T09:27:35+00:00","description":"AC Milan t\u00ecm ki\u1ebfm m\u1ed9t trung phong ch\u1ea5t l\u01b0\u1ee3ng v\u00e0 h\u1ecd \u0111ang c\u00e2n nh\u1eafc m\u1ed9t trong hai c\u00e1i t\u00ean, Joshua Zirkzee ho\u1eb7c Benjamin Sesko.","breadcrumb":{"@id":"https:\/\/acm88.com\/vn\/featured\/zirkzee-sesko-la-top-2-lua-chon-cho-vi-tri-tien-dao-cua-ac-milan\/#breadcrumb"},"inLanguage":"vi","potentialAction":[{"@type":"ReadAction","target":["https:\/\/acm88.com\/vn\/featured\/zirkzee-sesko-la-top-2-lua-chon-cho-vi-tri-tien-dao-cua-ac-milan\/"]}]},{"@type":"ImageObject","inLanguage":"vi","@id":"https:\/\/acm88.com\/vn\/featured\/zirkzee-sesko-la-top-2-lua-chon-cho-vi-tri-tien-dao-cua-ac-milan\/#primaryimage","url":"https:\/\/acm88.com\/vn\/wp-content\/uploads\/sites\/6\/2024\/02\/M88Sports-46-800x500-1.png","contentUrl":"https:\/\/acm88.com\/vn\/wp-content\/uploads\/sites\/6\/2024\/02\/M88Sports-46-800x500-1.png","width":800,"height":500,"caption":"zirkzee-sesko"},{"@type":"BreadcrumbList","@id":"https:\/\/acm88.com\/vn\/featured\/zirkzee-sesko-la-top-2-lua-chon-cho-vi-tri-tien-dao-cua-ac-milan\/#breadcrumb","itemListElement":[{"@type":"ListItem","position":1,"name":"Home","item":"https:\/\/acm88.com\/vn\/"},{"@type":"ListItem","position":2,"name":"ZIRKZEE, SESKO L\u00c0 TOP 2 L\u1ef0A CH\u1eccN CHO V\u1eca TR\u00cd TI\u1ec0N \u0110\u1ea0O C\u1ee6A AC MILAN"}]},{"@type":"WebSite","@id":"https:\/\/acm88.com\/vn\/#website","url":"https:\/\/acm88.com\/vn\/","name":"AC Milan FC- VN","description":"AC Milan FC site","publisher":{"@id":"https:\/\/acm88.com\/vn\/#organization"},"potentialAction":[{"@type":"SearchAction","target":{"@type":"EntryPoint","urlTemplate":"https:\/\/acm88.com\/vn\/?s={search_term_string}"},"query-input":{"@type":"PropertyValueSpecification","valueRequired":true,"valueName":"search_term_string"}}],"inLanguage":"vi"},{"@type":"Organization","@id":"https:\/\/acm88.com\/vn\/#organization","name":"AC Milan FC- VN","url":"https:\/\/acm88.com\/vn\/","logo":{"@type":"ImageObject","inLanguage":"vi","@id":"https:\/\/acm88.com\/vn\/#\/schema\/logo\/image\/","url":"https:\/\/acm88.com\/vn\/wp-content\/uploads\/sites\/6\/2023\/12\/ac-milan-logo-black.png","contentUrl":"https:\/\/acm88.com\/vn\/wp-content\/uploads\/sites\/6\/2023\/12\/ac-milan-logo-black.png","width":669,"height":179,"caption":"AC Milan FC- VN"},"image":{"@id":"https:\/\/acm88.com\/vn\/#\/schema\/logo\/image\/"}},{"@type":"Person","@id":"https:\/\/acm88.com\/vn\/#\/schema\/person\/53c4cee3dca5074b08882efd09ef3073","name":"Jane","image":{"@type":"ImageObject","inLanguage":"vi","@id":"https:\/\/acm88.com\/vn\/#\/schema\/person\/image\/","url":"https:\/\/secure.gravatar.com\/avatar\/1a5281b7800623fd8fb890b3a25490b707425cd404a09f05b4edcc73482dc0b8?s=96&d=mm&r=g","contentUrl":"https:\/\/secure.gravatar.com\/avatar\/1a5281b7800623fd8fb890b3a25490b707425cd404a09f05b4edcc73482dc0b8?s=96&d=mm&r=g","caption":"Jane"},"url":"https:\/\/acm88.com\/vn\/author\/janeh\/"}]}},"_links":{"self":[{"href":"https:\/\/acm88.com\/vn\/wp-json\/wp\/v2\/posts\/1641","targetHints":{"allow":["GET"]}}],"collection":[{"href":"https:\/\/acm88.com\/vn\/wp-json\/wp\/v2\/posts"}],"about":[{"href":"https:\/\/acm88.com\/vn\/wp-json\/wp\/v2\/types\/post"}],"author":[{"embeddable":true,"href":"https:\/\/acm88.com\/vn\/wp-json\/wp\/v2\/users\/14"}],"replies":[{"embeddable":true,"href":"https:\/\/acm88.com\/vn\/wp-json\/wp\/v2\/comments?post=1641"}],"version-history":[{"count":1,"href":"https:\/\/acm88.com\/vn\/wp-json\/wp\/v2\/posts\/1641\/revisions"}],"predecessor-version":[{"id":1643,"href":"https:\/\/acm88.com\/vn\/wp-json\/wp\/v2\/posts\/1641\/revisions\/1643"}],"wp:featuredmedia":[{"embeddable":true,"href":"https:\/\/acm88.com\/vn\/wp-json\/wp\/v2\/media\/1642"}],"wp:attachment":[{"href":"https:\/\/acm88.com\/vn\/wp-json\/wp\/v2\/media?parent=1641"}],"wp:term":[{"taxonomy":"category","embeddable":true,"href":"https:\/\/acm88.com\/vn\/wp-json\/wp\/v2\/categories?post=1641"},{"taxonomy":"post_tag","embeddable":true,"href":"https:\/\/acm88.com\/vn\/wp-json\/wp\/v2\/tags?post=1641"}],"curies":[{"name":"wp","href":"https:\/\/api.w.org\/{rel}","templated":true}]}}