{"id":1263,"date":"2023-07-25T09:08:53","date_gmt":"2023-07-25T01:08:53","guid":{"rendered":"https:\/\/acm88.com\/vn\/?p=1263"},"modified":"2023-07-25T10:14:20","modified_gmt":"2023-07-25T02:14:20","slug":"doi-bong-cua-ronaldo-tranh-chukwueze-du-milan-sap-chot-ha","status":"publish","type":"post","link":"https:\/\/acm88.com\/vn\/ac-milan-update\/doi-bong-cua-ronaldo-tranh-chukwueze-du-milan-sap-chot-ha\/","title":{"rendered":"\u0110\u1ed9i b\u00f3ng c\u1ee7a Ronaldo tranh Chukwueze d\u00f9 Milan s\u1eafp ch\u1ed1t h\u1ea1"},"content":{"rendered":"\n<h3 class=\"wp-block-heading\">AC Milan s\u1eafp gi\u00e0nh \u0111\u01b0\u1ee3c ch\u1eef k\u00fd c\u1ee7a Samuel Chukwueze, l\u1ecbch ki\u1ec3m tra Y t\u1ebf \u0111\u00e3 \u0111\u01b0\u1ee3c s\u1eafp x\u1ebfp, nh\u01b0ng c\u00f3 m\u1ed9t v\u1ea5n \u0111\u1ec1 l\u00e0 Al Nassar c\u1ee7a Cristiano Ronaldo \u0111\u00e3 v\u00e0o cu\u1ed9c.<\/h3>\n\n\n\n<p>Tuy\u1ec3n th\u1ee7 Nigeria \u0111\u00e3 l\u00e0 m\u1ee5c ti\u00eau c\u1ee7a Milan trong nhi\u1ec1u th\u00e1ng.&nbsp;Theo nhi\u1ec1u ngu\u1ed3n tin, Rossneri s\u1ebd s\u1edbm ch\u1ed1t th\u01b0\u01a1ng v\u1ee5 v\u1edbi Villarreal.<\/p>\n\n\n\n<p><a href=\"https:\/\/acm88.com\/vn\/2023\/06\/02\/ac-milan-ra-mat-ao-dau-moi-mua-giai-2023-24\/\">AC Milan ra m\u1eaft \u00e1o \u0111\u1ea5u m\u1edbi \u2013 m\u00f9a gi\u1ea3i 2023\/24<\/a><\/p>\n\n\n\n<p><a href=\"https:\/\/acm88.com\/vn\/2023\/07\/21\/ac-milan-cong-bo-ao-dau-san-khach-2023-24\/\">AC Milan c\u00f4ng b\u1ed1 \u00e1o \u0111\u1ea5u s\u00e2n kh\u00e1ch 2023-24<\/a><\/p>\n\n\n\n<p><a href=\"https:\/\/acm88.com\/vn\/\" target=\"_blank\" rel=\"noreferrer noopener\">C\u1eadp nh\u1eadt th\u00eam nhi\u1ec1u tin t\u1ee9c v\u1ec1 Milan t\u1ea1i \u0111\u00e2y<\/a>&nbsp;<\/p>\n\n\n\n<h3 class=\"wp-block-heading\">Th\u01b0\u01a1ng v\u1ee5 Chukwueze \u0111\u1ebfn Milan s\u1eafp ho\u00e0n t\u1ea5t<\/h3>\n\n\n\n<p>La Gazzetta dello Sport ti\u1ebft l\u1ed9 r\u1eb1ng Milan v\u00e0 Villarreal \u0111\u00e3 \u0111\u1ea1t \u0111\u01b0\u1ee3c th\u1ecfa thu\u1eadn cho c\u1ea7u th\u1ee7 23 tu\u1ed5i, ng\u01b0\u1eddi \u0111\u00e3 h\u1ee7y di\u1ec7t Real Madrid m\u00f9a tr\u01b0\u1edbc.<\/p>\n\n\n\n<figure class=\"wp-block-embed is-type-rich is-provider-twitter wp-block-embed-twitter\"><div class=\"wp-block-embed__wrapper\">\n<blockquote class=\"twitter-tweet\" data-width=\"500\" data-dnt=\"true\"><p lang=\"en\" dir=\"ltr\">Just imagined Chukwueze &amp; Leao on the wings and cried <a href=\"https:\/\/t.co\/vcxUJEGLNX\">pic.twitter.com\/vcxUJEGLNX<\/a><\/p>&mdash; \ud83e\udd85 (@nemaccer) <a href=\"https:\/\/twitter.com\/nemaccer\/status\/1682434864228737030?ref_src=twsrc%5Etfw\">July 21, 2023<\/a><\/blockquote><script async src=\"https:\/\/platform.twitter.com\/widgets.js\" charset=\"utf-8\"><\/script>\n<\/div><\/figure>\n\n\n\n<p>Milannews, m\u1ed9t trong s\u1ed1 nh\u1eefng ngu\u1ed3n tin, tuy\u00ean b\u1ed1 r\u1eb1ng ph\u00eda La Liga \u0111ang xem x\u00e9t m\u1ed9t s\u1ed1 \u0111i\u1ec1u kho\u1ea3n cu\u1ed1i, bao g\u1ed3m c\u1ea3 vi\u1ec7c Matteo Gabbia chuy\u1ec3n \u0111\u1ebfn T\u00e2y Ban Nha theo c\u00e1ch kh\u00e1c.<\/p>\n\n\n\n<p>L\u00fd t\u01b0\u1edfng nh\u1ea5t l\u00e0 Chukwueze c\u00f3 th\u1ec3 \u0111\u1ebfn v\u00e0o \u0111\u1ea7u tu\u1ea7n n\u00e0y \u0111\u1ec3 ki\u1ec3m tra y t\u1ebf, trong khi Gabbia s\u1ebd gia nh\u1eadp T\u00e0u ng\u1ea7m theo m\u1ed9t h\u1ee3p \u0111\u1ed3ng cho m\u01b0\u1ee3n kh\u00f4 h\u1ea1n cho \u0111\u1ebfn cu\u1ed1i m\u00f9a gi\u1ea3i.<\/p>\n\n\n\n<p>Sky Sport Italia v\u00e0 Gazzetta cho r\u1eb1ng trung v\u1ec7 ng\u01b0\u1eddi Italia s\u1ebd c\u00f3 \u00edt th\u1eddi gian thi \u0111\u1ea5u \u1edf m\u00f9a gi\u1ea3i n\u00e0y khi anh ch\u1ec9 c\u00f3 17 l\u1ea7n ra s\u00e2n tr\u00ean m\u1ecdi \u0111\u1ea5u tr\u01b0\u1eddng \u1edf m\u00f9a gi\u1ea3i 2022\/23.<\/p>\n\n\n\n<p>Gabbia d\u1ef1 ki\u1ebfn \u200b\u200bs\u1ebd bay \u0111\u1ebfn T\u00e2y Ban Nha sau tr\u1eadn giao h\u1eefu c\u1ee7a Milan tr\u01b0\u1edbc Real Madrid \u1edf Pasadena v\u00e0o Ch\u1ee7 nh\u1eadt, tr\u1eadn \u0111\u1ea5u k\u1ebft th\u00fac v\u1edbi th\u1ea5t b\u1ea1i 3-2, m\u1eb7c d\u00f9 \u0111\u00e3 d\u1eabn tr\u01b0\u1edbc 2-0 cho g\u00e3 kh\u1ed5ng l\u1ed3 c\u00f3 tr\u1ee5 s\u1edf t\u1ea1i Milan.<\/p>\n\n\n\n<p>D\u1ef1 \u0111o\u00e1n k\u1ebft qu\u1ea3 b\u00f3ng \u0111\u00e1&nbsp;<strong><a href=\"https:\/\/record.brave158.com\/_clC-gBvkhLHq-dTQDOGHtGNd7ZgqdRLk\/3\/\">t\u1ea1i \u0111\u00e2y<\/a><\/strong><\/p>\n\n\n\n<figure class=\"wp-block-image size-full\"><img loading=\"lazy\" decoding=\"async\" width=\"828\" height=\"552\" src=\"https:\/\/acm88.com\/vn\/wp-content\/uploads\/sites\/6\/2023\/07\/image-25.png\" alt=\"\" class=\"wp-image-1265\" srcset=\"https:\/\/acm88.com\/vn\/wp-content\/uploads\/sites\/6\/2023\/07\/image-25.png 828w, https:\/\/acm88.com\/vn\/wp-content\/uploads\/sites\/6\/2023\/07\/image-25-590x393.png 590w, https:\/\/acm88.com\/vn\/wp-content\/uploads\/sites\/6\/2023\/07\/image-25-300x200.png 300w, https:\/\/acm88.com\/vn\/wp-content\/uploads\/sites\/6\/2023\/07\/image-25-768x512.png 768w\" sizes=\"auto, (max-width: 828px) 100vw, 828px\" \/><figcaption class=\"wp-element-caption\">Chukwueze mu\u1ed1n chuy\u1ec3n \u0111\u1ebfn Milan<\/figcaption><\/figure>\n\n\n\n<p>Theo Fabrizio Romano, c\u00e1c cu\u1ed9c \u0111\u00e0m ph\u00e1n v\u1ec1 c\u00e1c \u0111i\u1ec1u kho\u1ea3n\/ti\u1ec1n th\u01b0\u1edfng v\u1edbi Villarreal l\u00e0 m\u1ed9t trong nh\u1eefng b\u01b0\u1edbc cu\u1ed1i c\u00f9ng, v\u1edbi vi\u1ec7c ph\u00eda T\u00e2y Ban Nha s\u1ebd \u0111\u1ed3ng \u00fd v\u1edbi m\u1ee9c ph\u00ed c\u1ed1 \u0111\u1ecbnh 20 tri\u1ec7u euro c\u1ed9ng v\u1edbi c\u00e1c \u0111i\u1ec1u kho\u1ea3n b\u1ed5 sung.<\/p>\n\n\n\n<h3 class=\"wp-block-heading\">Al Nassr b\u01b0\u1edbc v\u00e0o cu\u1ed9c \u0111ua gi\u00e0nh Chukwueze<\/h3>\n\n\n\n<p>Theo Rudy Galetti, \u0111\u1ed9i b\u00f3ng c\u1ee7a Saudi Pro League, Al Nassr \u0111\u00e3 gia nh\u1eadp cu\u1ed9c \u0111ua mang th\u00eam l\u1ef1c l\u01b0\u1ee3ng v\u1ec1 Trung \u0110\u00f4ng \u0111\u1ec3 tr\u1edf th\u00e0nh ph\u01b0\u01a1ng \u00e1n d\u1ef1 ph\u00f2ng cho Ronaldo.<\/p>\n\n\n\n<p>Al Nassr b\u1eadn r\u1ed9n trong k\u1ef3 chuy\u1ec3n nh\u01b0\u1ee3ng m\u00f9a h\u00e8 khi chi\u00eau m\u1ed9 m\u1ed9t lo\u1ea1t si\u00eau sao nh\u01b0 Marcelo Brozovic, Seko Fofana v\u00e0 m\u1edbi nh\u1ea5t l\u00e0 Alex Telles.<\/p>\n\n\n\n<p>Ph\u00eda Ronaldo \u0111ang chu\u1ea9n b\u1ecb m\u1ed9t l\u1eddi \u0111\u1ec1 ngh\u1ecb kh\u1ed5ng l\u1ed3 s\u1ebd \u0111\u01b0\u1ee3c g\u1eedi \u0111\u1ebfn Villarreal, \u0111\u00f3 l\u00e0 l\u00fd do t\u1ea1i sao nh\u1eefng gi\u1edd ti\u1ebfp theo l\u00e0 r\u1ea5t quan tr\u1ecdng \u0111\u1ec3 xem li\u1ec7u m\u1ed9t v\u1ee5 c\u01b0\u1edbp c\u00f3 di\u1ec5n ra th\u00e0nh c\u00f4ng hay kh\u00f4ng.<a href=\"https:\/\/record.brave888.com\/_70ogTq-5snBwyQRkzDJVwWh7PHItSRjF\/4\/\"><\/a><\/p>\n","protected":false},"excerpt":{"rendered":"<p>AC Milan s\u1eafp gi\u00e0nh \u0111\u01b0\u1ee3c ch\u1eef k\u00fd c\u1ee7a Samuel Chukwueze, l\u1ecbch ki\u1ec3m tra Y t\u1ebf \u0111\u00e3 \u0111\u01b0\u1ee3c s\u1eafp x\u1ebfp, nh\u01b0ng c\u00f3 m\u1ed9t v\u1ea5n \u0111\u1ec1 l\u00e0 Al Nassar c\u1ee7a Cristiano Ronaldo \u0111\u00e3 v\u00e0o cu\u1ed9c. Tuy\u1ec3n th\u1ee7 Nigeria \u0111\u00e3 l\u00e0 m\u1ee5c ti\u00eau c\u1ee7a Milan trong nhi\u1ec1u th\u00e1ng.&nbsp;Theo nhi\u1ec1u ngu\u1ed3n tin, Rossneri s\u1ebd s\u1edbm ch\u1ed1t th\u01b0\u01a1ng v\u1ee5 v\u1edbi [&hellip;]<\/p>\n","protected":false},"author":14,"featured_media":1266,"comment_status":"open","ping_status":"open","sticky":true,"template":"","format":"standard","meta":{"footnotes":""},"categories":[2],"tags":[33,203,166,196],"class_list":["post-1263","post","type-post","status-publish","format-standard","has-post-thumbnail","hentry","category-ac-milan-update","tag-ac-milan","tag-al-nassr","tag-chuyen-nhuong-ac-milan","tag-samuel-chukwueze"],"yoast_head":"<!-- This site is optimized with the Yoast SEO plugin v24.4 - https:\/\/yoast.com\/wordpress\/plugins\/seo\/ -->\n<title>\u0110\u1ed9i b\u00f3ng c\u1ee7a Ronaldo tranh Chukwueze d\u00f9 Milan s\u1eafp ch\u1ed1t h\u1ea1 - AC Milan FC- VN<\/title>\n<meta name=\"description\" content=\"AC Milan s\u1eafp gi\u00e0nh \u0111\u01b0\u1ee3c ch\u1eef k\u00fd c\u1ee7a Samuel Chukwueze, l\u1ecbch ki\u1ec3m tra Y t\u1ebf \u0111\u00e3 \u0111\u01b0\u1ee3c s\u1eafp x\u1ebfp, nh\u01b0ng c\u00f3 m\u1ed9t v\u1ea5n \u0111\u1ec1 l\u00e0 Al Nassar c\u1ee7a Cristiano Ronaldo c\u0169ng b\u01b0\u1edbc v\u00e0o cu\u1ed9c \u0111ua n\u00e0y.\" \/>\n<meta name=\"robots\" content=\"index, follow, max-snippet:-1, max-image-preview:large, max-video-preview:-1\" \/>\n<link rel=\"canonical\" href=\"https:\/\/acm88.com\/vn\/ac-milan-update\/doi-bong-cua-ronaldo-tranh-chukwueze-du-milan-sap-chot-ha\/\" \/>\n<meta property=\"og:locale\" content=\"vi_VN\" \/>\n<meta property=\"og:type\" content=\"article\" \/>\n<meta property=\"og:title\" content=\"\u0110\u1ed9i b\u00f3ng c\u1ee7a Ronaldo tranh Chukwueze d\u00f9 Milan s\u1eafp ch\u1ed1t h\u1ea1 - AC Milan FC- VN\" \/>\n<meta property=\"og:description\" content=\"AC Milan s\u1eafp gi\u00e0nh \u0111\u01b0\u1ee3c ch\u1eef k\u00fd c\u1ee7a Samuel Chukwueze, l\u1ecbch ki\u1ec3m tra Y t\u1ebf \u0111\u00e3 \u0111\u01b0\u1ee3c s\u1eafp x\u1ebfp, nh\u01b0ng c\u00f3 m\u1ed9t v\u1ea5n \u0111\u1ec1 l\u00e0 Al Nassar c\u1ee7a Cristiano Ronaldo c\u0169ng b\u01b0\u1edbc v\u00e0o cu\u1ed9c \u0111ua n\u00e0y.\" \/>\n<meta property=\"og:url\" content=\"https:\/\/acm88.com\/vn\/ac-milan-update\/doi-bong-cua-ronaldo-tranh-chukwueze-du-milan-sap-chot-ha\/\" \/>\n<meta property=\"og:site_name\" content=\"AC Milan FC- VN\" \/>\n<meta property=\"article:published_time\" content=\"2023-07-25T01:08:53+00:00\" \/>\n<meta property=\"article:modified_time\" content=\"2023-07-25T02:14:20+00:00\" \/>\n<meta property=\"og:image\" content=\"https:\/\/acm88.com\/vn\/wp-content\/uploads\/sites\/6\/2023\/07\/AC-Milan-closing-on-Chukwueze-768x432-1.jpeg\" \/>\n\t<meta property=\"og:image:width\" content=\"768\" \/>\n\t<meta property=\"og:image:height\" content=\"432\" \/>\n\t<meta property=\"og:image:type\" content=\"image\/jpeg\" \/>\n<meta name=\"author\" content=\"Jane\" \/>\n<meta name=\"twitter:card\" content=\"summary_large_image\" \/>\n<meta name=\"twitter:label1\" content=\"\u0110\u01b0\u1ee3c vi\u1ebft b\u1edfi\" \/>\n\t<meta name=\"twitter:data1\" content=\"Jane\" \/>\n\t<meta name=\"twitter:label2\" content=\"\u01af\u1edbc t\u00ednh th\u1eddi gian \u0111\u1ecdc\" \/>\n\t<meta name=\"twitter:data2\" content=\"3 ph\u00fat\" \/>\n<script type=\"application\/ld+json\" class=\"yoast-schema-graph\">{\"@context\":\"https:\/\/schema.org\",\"@graph\":[{\"@type\":\"Article\",\"@id\":\"https:\/\/acm88.com\/vn\/ac-milan-update\/doi-bong-cua-ronaldo-tranh-chukwueze-du-milan-sap-chot-ha\/#article\",\"isPartOf\":{\"@id\":\"https:\/\/acm88.com\/vn\/ac-milan-update\/doi-bong-cua-ronaldo-tranh-chukwueze-du-milan-sap-chot-ha\/\"},\"author\":{\"name\":\"Jane\",\"@id\":\"https:\/\/acm88.com\/vn\/#\/schema\/person\/53c4cee3dca5074b08882efd09ef3073\"},\"headline\":\"\u0110\u1ed9i b\u00f3ng c\u1ee7a Ronaldo tranh Chukwueze d\u00f9 Milan s\u1eafp ch\u1ed1t h\u1ea1\",\"datePublished\":\"2023-07-25T01:08:53+00:00\",\"dateModified\":\"2023-07-25T02:14:20+00:00\",\"mainEntityOfPage\":{\"@id\":\"https:\/\/acm88.com\/vn\/ac-milan-update\/doi-bong-cua-ronaldo-tranh-chukwueze-du-milan-sap-chot-ha\/\"},\"wordCount\":642,\"commentCount\":0,\"publisher\":{\"@id\":\"https:\/\/acm88.com\/vn\/#organization\"},\"image\":{\"@id\":\"https:\/\/acm88.com\/vn\/ac-milan-update\/doi-bong-cua-ronaldo-tranh-chukwueze-du-milan-sap-chot-ha\/#primaryimage\"},\"thumbnailUrl\":\"https:\/\/acm88.com\/vn\/wp-content\/uploads\/sites\/6\/2023\/07\/AC-Milan-closing-on-Chukwueze-768x432-1.jpeg\",\"keywords\":[\"AC Milan\",\"Al Nassr\",\"Chuy\u1ec3n nh\u01b0\u1ee3ng AC Milan\",\"Samuel Chukwueze\"],\"articleSection\":[\"C\u1eacP NH\u1eacT AC MILAN\"],\"inLanguage\":\"vi\",\"potentialAction\":[{\"@type\":\"CommentAction\",\"name\":\"Comment\",\"target\":[\"https:\/\/acm88.com\/vn\/ac-milan-update\/doi-bong-cua-ronaldo-tranh-chukwueze-du-milan-sap-chot-ha\/#respond\"]}]},{\"@type\":\"WebPage\",\"@id\":\"https:\/\/acm88.com\/vn\/ac-milan-update\/doi-bong-cua-ronaldo-tranh-chukwueze-du-milan-sap-chot-ha\/\",\"url\":\"https:\/\/acm88.com\/vn\/ac-milan-update\/doi-bong-cua-ronaldo-tranh-chukwueze-du-milan-sap-chot-ha\/\",\"name\":\"\u0110\u1ed9i b\u00f3ng c\u1ee7a Ronaldo tranh Chukwueze d\u00f9 Milan s\u1eafp ch\u1ed1t h\u1ea1 - AC Milan FC- VN\",\"isPartOf\":{\"@id\":\"https:\/\/acm88.com\/vn\/#website\"},\"primaryImageOfPage\":{\"@id\":\"https:\/\/acm88.com\/vn\/ac-milan-update\/doi-bong-cua-ronaldo-tranh-chukwueze-du-milan-sap-chot-ha\/#primaryimage\"},\"image\":{\"@id\":\"https:\/\/acm88.com\/vn\/ac-milan-update\/doi-bong-cua-ronaldo-tranh-chukwueze-du-milan-sap-chot-ha\/#primaryimage\"},\"thumbnailUrl\":\"https:\/\/acm88.com\/vn\/wp-content\/uploads\/sites\/6\/2023\/07\/AC-Milan-closing-on-Chukwueze-768x432-1.jpeg\",\"datePublished\":\"2023-07-25T01:08:53+00:00\",\"dateModified\":\"2023-07-25T02:14:20+00:00\",\"description\":\"AC Milan s\u1eafp gi\u00e0nh \u0111\u01b0\u1ee3c ch\u1eef k\u00fd c\u1ee7a Samuel Chukwueze, l\u1ecbch ki\u1ec3m tra Y t\u1ebf \u0111\u00e3 \u0111\u01b0\u1ee3c s\u1eafp x\u1ebfp, nh\u01b0ng c\u00f3 m\u1ed9t v\u1ea5n \u0111\u1ec1 l\u00e0 Al Nassar c\u1ee7a Cristiano Ronaldo c\u0169ng b\u01b0\u1edbc v\u00e0o cu\u1ed9c \u0111ua n\u00e0y.\",\"breadcrumb\":{\"@id\":\"https:\/\/acm88.com\/vn\/ac-milan-update\/doi-bong-cua-ronaldo-tranh-chukwueze-du-milan-sap-chot-ha\/#breadcrumb\"},\"inLanguage\":\"vi\",\"potentialAction\":[{\"@type\":\"ReadAction\",\"target\":[\"https:\/\/acm88.com\/vn\/ac-milan-update\/doi-bong-cua-ronaldo-tranh-chukwueze-du-milan-sap-chot-ha\/\"]}]},{\"@type\":\"ImageObject\",\"inLanguage\":\"vi\",\"@id\":\"https:\/\/acm88.com\/vn\/ac-milan-update\/doi-bong-cua-ronaldo-tranh-chukwueze-du-milan-sap-chot-ha\/#primaryimage\",\"url\":\"https:\/\/acm88.com\/vn\/wp-content\/uploads\/sites\/6\/2023\/07\/AC-Milan-closing-on-Chukwueze-768x432-1.jpeg\",\"contentUrl\":\"https:\/\/acm88.com\/vn\/wp-content\/uploads\/sites\/6\/2023\/07\/AC-Milan-closing-on-Chukwueze-768x432-1.jpeg\",\"width\":768,\"height\":432,\"caption\":\"\u0110\u1ed9i b\u00f3ng c\u1ee7a Ronaldo tranh Chukwueze d\u00f9 Milan s\u1eafp ch\u1ed1t h\u1ea1\"},{\"@type\":\"BreadcrumbList\",\"@id\":\"https:\/\/acm88.com\/vn\/ac-milan-update\/doi-bong-cua-ronaldo-tranh-chukwueze-du-milan-sap-chot-ha\/#breadcrumb\",\"itemListElement\":[{\"@type\":\"ListItem\",\"position\":1,\"name\":\"Home\",\"item\":\"https:\/\/acm88.com\/vn\/\"},{\"@type\":\"ListItem\",\"position\":2,\"name\":\"\u0110\u1ed9i b\u00f3ng c\u1ee7a Ronaldo tranh Chukwueze d\u00f9 Milan s\u1eafp ch\u1ed1t h\u1ea1\"}]},{\"@type\":\"WebSite\",\"@id\":\"https:\/\/acm88.com\/vn\/#website\",\"url\":\"https:\/\/acm88.com\/vn\/\",\"name\":\"AC Milan FC- VN\",\"description\":\"AC Milan FC site\",\"publisher\":{\"@id\":\"https:\/\/acm88.com\/vn\/#organization\"},\"potentialAction\":[{\"@type\":\"SearchAction\",\"target\":{\"@type\":\"EntryPoint\",\"urlTemplate\":\"https:\/\/acm88.com\/vn\/?s={search_term_string}\"},\"query-input\":{\"@type\":\"PropertyValueSpecification\",\"valueRequired\":true,\"valueName\":\"search_term_string\"}}],\"inLanguage\":\"vi\"},{\"@type\":\"Organization\",\"@id\":\"https:\/\/acm88.com\/vn\/#organization\",\"name\":\"AC Milan FC- VN\",\"url\":\"https:\/\/acm88.com\/vn\/\",\"logo\":{\"@type\":\"ImageObject\",\"inLanguage\":\"vi\",\"@id\":\"https:\/\/acm88.com\/vn\/#\/schema\/logo\/image\/\",\"url\":\"https:\/\/acm88.com\/vn\/wp-content\/uploads\/sites\/6\/2023\/12\/ac-milan-logo-black.png\",\"contentUrl\":\"https:\/\/acm88.com\/vn\/wp-content\/uploads\/sites\/6\/2023\/12\/ac-milan-logo-black.png\",\"width\":669,\"height\":179,\"caption\":\"AC Milan FC- VN\"},\"image\":{\"@id\":\"https:\/\/acm88.com\/vn\/#\/schema\/logo\/image\/\"}},{\"@type\":\"Person\",\"@id\":\"https:\/\/acm88.com\/vn\/#\/schema\/person\/53c4cee3dca5074b08882efd09ef3073\",\"name\":\"Jane\",\"image\":{\"@type\":\"ImageObject\",\"inLanguage\":\"vi\",\"@id\":\"https:\/\/acm88.com\/vn\/#\/schema\/person\/image\/\",\"url\":\"https:\/\/secure.gravatar.com\/avatar\/1a5281b7800623fd8fb890b3a25490b707425cd404a09f05b4edcc73482dc0b8?s=96&d=mm&r=g\",\"contentUrl\":\"https:\/\/secure.gravatar.com\/avatar\/1a5281b7800623fd8fb890b3a25490b707425cd404a09f05b4edcc73482dc0b8?s=96&d=mm&r=g\",\"caption\":\"Jane\"},\"url\":\"https:\/\/acm88.com\/vn\/author\/janeh\/\"}]}<\/script>\n<!-- \/ Yoast SEO plugin. -->","yoast_head_json":{"title":"\u0110\u1ed9i b\u00f3ng c\u1ee7a Ronaldo tranh Chukwueze d\u00f9 Milan s\u1eafp ch\u1ed1t h\u1ea1 - AC Milan FC- VN","description":"AC Milan s\u1eafp gi\u00e0nh \u0111\u01b0\u1ee3c ch\u1eef k\u00fd c\u1ee7a Samuel Chukwueze, l\u1ecbch ki\u1ec3m tra Y t\u1ebf \u0111\u00e3 \u0111\u01b0\u1ee3c s\u1eafp x\u1ebfp, nh\u01b0ng c\u00f3 m\u1ed9t v\u1ea5n \u0111\u1ec1 l\u00e0 Al Nassar c\u1ee7a Cristiano Ronaldo c\u0169ng b\u01b0\u1edbc v\u00e0o cu\u1ed9c \u0111ua n\u00e0y.","robots":{"index":"index","follow":"follow","max-snippet":"max-snippet:-1","max-image-preview":"max-image-preview:large","max-video-preview":"max-video-preview:-1"},"canonical":"https:\/\/acm88.com\/vn\/ac-milan-update\/doi-bong-cua-ronaldo-tranh-chukwueze-du-milan-sap-chot-ha\/","og_locale":"vi_VN","og_type":"article","og_title":"\u0110\u1ed9i b\u00f3ng c\u1ee7a Ronaldo tranh Chukwueze d\u00f9 Milan s\u1eafp ch\u1ed1t h\u1ea1 - AC Milan FC- VN","og_description":"AC Milan s\u1eafp gi\u00e0nh \u0111\u01b0\u1ee3c ch\u1eef k\u00fd c\u1ee7a Samuel Chukwueze, l\u1ecbch ki\u1ec3m tra Y t\u1ebf \u0111\u00e3 \u0111\u01b0\u1ee3c s\u1eafp x\u1ebfp, nh\u01b0ng c\u00f3 m\u1ed9t v\u1ea5n \u0111\u1ec1 l\u00e0 Al Nassar c\u1ee7a Cristiano Ronaldo c\u0169ng b\u01b0\u1edbc v\u00e0o cu\u1ed9c \u0111ua n\u00e0y.","og_url":"https:\/\/acm88.com\/vn\/ac-milan-update\/doi-bong-cua-ronaldo-tranh-chukwueze-du-milan-sap-chot-ha\/","og_site_name":"AC Milan FC- VN","article_published_time":"2023-07-25T01:08:53+00:00","article_modified_time":"2023-07-25T02:14:20+00:00","og_image":[{"width":768,"height":432,"url":"https:\/\/acm88.com\/vn\/wp-content\/uploads\/sites\/6\/2023\/07\/AC-Milan-closing-on-Chukwueze-768x432-1.jpeg","type":"image\/jpeg"}],"author":"Jane","twitter_card":"summary_large_image","twitter_misc":{"\u0110\u01b0\u1ee3c vi\u1ebft b\u1edfi":"Jane","\u01af\u1edbc t\u00ednh th\u1eddi gian \u0111\u1ecdc":"3 ph\u00fat"},"schema":{"@context":"https:\/\/schema.org","@graph":[{"@type":"Article","@id":"https:\/\/acm88.com\/vn\/ac-milan-update\/doi-bong-cua-ronaldo-tranh-chukwueze-du-milan-sap-chot-ha\/#article","isPartOf":{"@id":"https:\/\/acm88.com\/vn\/ac-milan-update\/doi-bong-cua-ronaldo-tranh-chukwueze-du-milan-sap-chot-ha\/"},"author":{"name":"Jane","@id":"https:\/\/acm88.com\/vn\/#\/schema\/person\/53c4cee3dca5074b08882efd09ef3073"},"headline":"\u0110\u1ed9i b\u00f3ng c\u1ee7a Ronaldo tranh Chukwueze d\u00f9 Milan s\u1eafp ch\u1ed1t h\u1ea1","datePublished":"2023-07-25T01:08:53+00:00","dateModified":"2023-07-25T02:14:20+00:00","mainEntityOfPage":{"@id":"https:\/\/acm88.com\/vn\/ac-milan-update\/doi-bong-cua-ronaldo-tranh-chukwueze-du-milan-sap-chot-ha\/"},"wordCount":642,"commentCount":0,"publisher":{"@id":"https:\/\/acm88.com\/vn\/#organization"},"image":{"@id":"https:\/\/acm88.com\/vn\/ac-milan-update\/doi-bong-cua-ronaldo-tranh-chukwueze-du-milan-sap-chot-ha\/#primaryimage"},"thumbnailUrl":"https:\/\/acm88.com\/vn\/wp-content\/uploads\/sites\/6\/2023\/07\/AC-Milan-closing-on-Chukwueze-768x432-1.jpeg","keywords":["AC Milan","Al Nassr","Chuy\u1ec3n nh\u01b0\u1ee3ng AC Milan","Samuel Chukwueze"],"articleSection":["C\u1eacP NH\u1eacT AC MILAN"],"inLanguage":"vi","potentialAction":[{"@type":"CommentAction","name":"Comment","target":["https:\/\/acm88.com\/vn\/ac-milan-update\/doi-bong-cua-ronaldo-tranh-chukwueze-du-milan-sap-chot-ha\/#respond"]}]},{"@type":"WebPage","@id":"https:\/\/acm88.com\/vn\/ac-milan-update\/doi-bong-cua-ronaldo-tranh-chukwueze-du-milan-sap-chot-ha\/","url":"https:\/\/acm88.com\/vn\/ac-milan-update\/doi-bong-cua-ronaldo-tranh-chukwueze-du-milan-sap-chot-ha\/","name":"\u0110\u1ed9i b\u00f3ng c\u1ee7a Ronaldo tranh Chukwueze d\u00f9 Milan s\u1eafp ch\u1ed1t h\u1ea1 - AC Milan FC- VN","isPartOf":{"@id":"https:\/\/acm88.com\/vn\/#website"},"primaryImageOfPage":{"@id":"https:\/\/acm88.com\/vn\/ac-milan-update\/doi-bong-cua-ronaldo-tranh-chukwueze-du-milan-sap-chot-ha\/#primaryimage"},"image":{"@id":"https:\/\/acm88.com\/vn\/ac-milan-update\/doi-bong-cua-ronaldo-tranh-chukwueze-du-milan-sap-chot-ha\/#primaryimage"},"thumbnailUrl":"https:\/\/acm88.com\/vn\/wp-content\/uploads\/sites\/6\/2023\/07\/AC-Milan-closing-on-Chukwueze-768x432-1.jpeg","datePublished":"2023-07-25T01:08:53+00:00","dateModified":"2023-07-25T02:14:20+00:00","description":"AC Milan s\u1eafp gi\u00e0nh \u0111\u01b0\u1ee3c ch\u1eef k\u00fd c\u1ee7a Samuel Chukwueze, l\u1ecbch ki\u1ec3m tra Y t\u1ebf \u0111\u00e3 \u0111\u01b0\u1ee3c s\u1eafp x\u1ebfp, nh\u01b0ng c\u00f3 m\u1ed9t v\u1ea5n \u0111\u1ec1 l\u00e0 Al Nassar c\u1ee7a Cristiano Ronaldo c\u0169ng b\u01b0\u1edbc v\u00e0o cu\u1ed9c \u0111ua n\u00e0y.","breadcrumb":{"@id":"https:\/\/acm88.com\/vn\/ac-milan-update\/doi-bong-cua-ronaldo-tranh-chukwueze-du-milan-sap-chot-ha\/#breadcrumb"},"inLanguage":"vi","potentialAction":[{"@type":"ReadAction","target":["https:\/\/acm88.com\/vn\/ac-milan-update\/doi-bong-cua-ronaldo-tranh-chukwueze-du-milan-sap-chot-ha\/"]}]},{"@type":"ImageObject","inLanguage":"vi","@id":"https:\/\/acm88.com\/vn\/ac-milan-update\/doi-bong-cua-ronaldo-tranh-chukwueze-du-milan-sap-chot-ha\/#primaryimage","url":"https:\/\/acm88.com\/vn\/wp-content\/uploads\/sites\/6\/2023\/07\/AC-Milan-closing-on-Chukwueze-768x432-1.jpeg","contentUrl":"https:\/\/acm88.com\/vn\/wp-content\/uploads\/sites\/6\/2023\/07\/AC-Milan-closing-on-Chukwueze-768x432-1.jpeg","width":768,"height":432,"caption":"\u0110\u1ed9i b\u00f3ng c\u1ee7a Ronaldo tranh Chukwueze d\u00f9 Milan s\u1eafp ch\u1ed1t h\u1ea1"},{"@type":"BreadcrumbList","@id":"https:\/\/acm88.com\/vn\/ac-milan-update\/doi-bong-cua-ronaldo-tranh-chukwueze-du-milan-sap-chot-ha\/#breadcrumb","itemListElement":[{"@type":"ListItem","position":1,"name":"Home","item":"https:\/\/acm88.com\/vn\/"},{"@type":"ListItem","position":2,"name":"\u0110\u1ed9i b\u00f3ng c\u1ee7a Ronaldo tranh Chukwueze d\u00f9 Milan s\u1eafp ch\u1ed1t h\u1ea1"}]},{"@type":"WebSite","@id":"https:\/\/acm88.com\/vn\/#website","url":"https:\/\/acm88.com\/vn\/","name":"AC Milan FC- VN","description":"AC Milan FC site","publisher":{"@id":"https:\/\/acm88.com\/vn\/#organization"},"potentialAction":[{"@type":"SearchAction","target":{"@type":"EntryPoint","urlTemplate":"https:\/\/acm88.com\/vn\/?s={search_term_string}"},"query-input":{"@type":"PropertyValueSpecification","valueRequired":true,"valueName":"search_term_string"}}],"inLanguage":"vi"},{"@type":"Organization","@id":"https:\/\/acm88.com\/vn\/#organization","name":"AC Milan FC- VN","url":"https:\/\/acm88.com\/vn\/","logo":{"@type":"ImageObject","inLanguage":"vi","@id":"https:\/\/acm88.com\/vn\/#\/schema\/logo\/image\/","url":"https:\/\/acm88.com\/vn\/wp-content\/uploads\/sites\/6\/2023\/12\/ac-milan-logo-black.png","contentUrl":"https:\/\/acm88.com\/vn\/wp-content\/uploads\/sites\/6\/2023\/12\/ac-milan-logo-black.png","width":669,"height":179,"caption":"AC Milan FC- VN"},"image":{"@id":"https:\/\/acm88.com\/vn\/#\/schema\/logo\/image\/"}},{"@type":"Person","@id":"https:\/\/acm88.com\/vn\/#\/schema\/person\/53c4cee3dca5074b08882efd09ef3073","name":"Jane","image":{"@type":"ImageObject","inLanguage":"vi","@id":"https:\/\/acm88.com\/vn\/#\/schema\/person\/image\/","url":"https:\/\/secure.gravatar.com\/avatar\/1a5281b7800623fd8fb890b3a25490b707425cd404a09f05b4edcc73482dc0b8?s=96&d=mm&r=g","contentUrl":"https:\/\/secure.gravatar.com\/avatar\/1a5281b7800623fd8fb890b3a25490b707425cd404a09f05b4edcc73482dc0b8?s=96&d=mm&r=g","caption":"Jane"},"url":"https:\/\/acm88.com\/vn\/author\/janeh\/"}]}},"_links":{"self":[{"href":"https:\/\/acm88.com\/vn\/wp-json\/wp\/v2\/posts\/1263","targetHints":{"allow":["GET"]}}],"collection":[{"href":"https:\/\/acm88.com\/vn\/wp-json\/wp\/v2\/posts"}],"about":[{"href":"https:\/\/acm88.com\/vn\/wp-json\/wp\/v2\/types\/post"}],"author":[{"embeddable":true,"href":"https:\/\/acm88.com\/vn\/wp-json\/wp\/v2\/users\/14"}],"replies":[{"embeddable":true,"href":"https:\/\/acm88.com\/vn\/wp-json\/wp\/v2\/comments?post=1263"}],"version-history":[{"count":2,"href":"https:\/\/acm88.com\/vn\/wp-json\/wp\/v2\/posts\/1263\/revisions"}],"predecessor-version":[{"id":1268,"href":"https:\/\/acm88.com\/vn\/wp-json\/wp\/v2\/posts\/1263\/revisions\/1268"}],"wp:featuredmedia":[{"embeddable":true,"href":"https:\/\/acm88.com\/vn\/wp-json\/wp\/v2\/media\/1266"}],"wp:attachment":[{"href":"https:\/\/acm88.com\/vn\/wp-json\/wp\/v2\/media?parent=1263"}],"wp:term":[{"taxonomy":"category","embeddable":true,"href":"https:\/\/acm88.com\/vn\/wp-json\/wp\/v2\/categories?post=1263"},{"taxonomy":"post_tag","embeddable":true,"href":"https:\/\/acm88.com\/vn\/wp-json\/wp\/v2\/tags?post=1263"}],"curies":[{"name":"wp","href":"https:\/\/api.w.org\/{rel}","templated":true}]}}